{"id":3821,"date":"2025-06-05T11:50:35","date_gmt":"2025-06-05T14:50:35","guid":{"rendered":"https:\/\/www.diariomunicipal-al.com.br\/uniao\/?p=3821"},"modified":"2025-06-05T12:07:34","modified_gmt":"2025-06-05T15:07:34","slug":"aviso-de-processo-licitatorio-2","status":"publish","type":"post","link":"https:\/\/www.diariomunicipal-al.com.br\/uniao\/aviso-de-processo-licitatorio-2\/","title":{"rendered":"AVISO DE COTA\u00c7\u00c3O DE PRE\u00c7OS"},"content":{"rendered":"\n<p>A Prefeitura de Uni\u00e3o dos Palmares\/AL, por meio da sua Coordena\u00e7\u00e3o de Compras, informa que est\u00e1 recebendo propostas comerciais para contrata\u00e7\u00e3o de empresa de presta\u00e7\u00e3o de servi\u00e7os para loca\u00e7\u00e3o de estrutura e m\u00e3o de obra para decora\u00e7\u00e3o e recep\u00e7\u00e3o de eventos, visando atender \u00e0s necessidades do Munic\u00edpio de Uni\u00e3o dos Palmares\/AL. As propostas dever\u00e3o ser formuladas conforme Termo de Refer\u00eancia (TR), com envio para o e-mail compras.pmup@hotmail.com. O prazo para solicita\u00e7\u00e3o do TR e recebimento das propostas ser\u00e1 de at\u00e9 3 (tr\u00eas) dias, a contar da data desta publica\u00e7\u00e3o.<\/p>\n\n\n\n<p>Jociara Alves Ferreira \u2013 Coordenadora de Compras<\/p>\n\n\n\n<div data-wp-interactive=\"core\/file\" class=\"wp-block-file\"><object data-wp-bind--hidden=\"!state.hasPdfPreview\" hidden class=\"wp-block-file__embed\" data=\"https:\/\/www.diariomunicipal-al.com.br\/uniao\/wp-content\/uploads\/2025\/06\/AVISO-DE-PROCESSO-LICITATORIO.pdf\" type=\"application\/pdf\" style=\"width:100%;height:600px\" aria-label=\"Incorporado de AVISO DE PROCESSO LICITATORIO.\"><\/object><a id=\"wp-block-file--media-204b643c-0c28-4a3e-b745-0e20e31c92db\" href=\"https:\/\/www.diariomunicipal-al.com.br\/uniao\/wp-content\/uploads\/2025\/06\/AVISO-DE-PROCESSO-LICITATORIO.pdf\">AVISO DE PROCESSO LICITATORIO<\/a><a href=\"https:\/\/www.diariomunicipal-al.com.br\/uniao\/wp-content\/uploads\/2025\/06\/AVISO-DE-PROCESSO-LICITATORIO.pdf\" class=\"wp-block-file__button wp-element-button\" download aria-describedby=\"wp-block-file--media-204b643c-0c28-4a3e-b745-0e20e31c92db\">Baixar<\/a><\/div>\n","protected":false},"excerpt":{"rendered":"<p>A Prefeitura de Uni\u00e3o dos Palmares\/AL, por meio da sua Coordena\u00e7\u00e3o de Compras, informa que est\u00e1 recebendo propostas comerciais para contrata\u00e7\u00e3o de empresa de presta\u00e7\u00e3o de servi\u00e7os para loca\u00e7\u00e3o de estrutura e m\u00e3o de obra para decora\u00e7\u00e3o e recep\u00e7\u00e3o de eventos, visando atender \u00e0s necessidades do Munic\u00edpio de Uni\u00e3o dos Palmares\/AL. As propostas dever\u00e3o ser [&hellip;]<\/p>\n","protected":false},"author":2,"featured_media":0,"comment_status":"open","ping_status":"open","sticky":false,"template":"","format":"standard","meta":{"footnotes":""},"categories":[1],"tags":[],"class_list":["post-3821","post","type-post","status-publish","format-standard","hentry","category-licitacoes"],"_links":{"self":[{"href":"https:\/\/www.diariomunicipal-al.com.br\/uniao\/wp-json\/wp\/v2\/posts\/3821","targetHints":{"allow":["GET"]}}],"collection":[{"href":"https:\/\/www.diariomunicipal-al.com.br\/uniao\/wp-json\/wp\/v2\/posts"}],"about":[{"href":"https:\/\/www.diariomunicipal-al.com.br\/uniao\/wp-json\/wp\/v2\/types\/post"}],"author":[{"embeddable":true,"href":"https:\/\/www.diariomunicipal-al.com.br\/uniao\/wp-json\/wp\/v2\/users\/2"}],"replies":[{"embeddable":true,"href":"https:\/\/www.diariomunicipal-al.com.br\/uniao\/wp-json\/wp\/v2\/comments?post=3821"}],"version-history":[{"count":3,"href":"https:\/\/www.diariomunicipal-al.com.br\/uniao\/wp-json\/wp\/v2\/posts\/3821\/revisions"}],"predecessor-version":[{"id":3826,"href":"https:\/\/www.diariomunicipal-al.com.br\/uniao\/wp-json\/wp\/v2\/posts\/3821\/revisions\/3826"}],"wp:attachment":[{"href":"https:\/\/www.diariomunicipal-al.com.br\/uniao\/wp-json\/wp\/v2\/media?parent=3821"}],"wp:term":[{"taxonomy":"category","embeddable":true,"href":"https:\/\/www.diariomunicipal-al.com.br\/uniao\/wp-json\/wp\/v2\/categories?post=3821"},{"taxonomy":"post_tag","embeddable":true,"href":"https:\/\/www.diariomunicipal-al.com.br\/uniao\/wp-json\/wp\/v2\/tags?post=3821"}],"curies":[{"name":"wp","href":"https:\/\/api.w.org\/{rel}","templated":true}]}}