{"id":3833,"date":"2025-06-05T18:29:23","date_gmt":"2025-06-05T21:29:23","guid":{"rendered":"https:\/\/www.diariomunicipal-al.com.br\/uniao\/?p=3833"},"modified":"2025-06-05T18:29:24","modified_gmt":"2025-06-05T21:29:24","slug":"portaria-no-115-de-5-junho-de-2025","status":"publish","type":"post","link":"https:\/\/www.diariomunicipal-al.com.br\/uniao\/portaria-no-115-de-5-junho-de-2025\/","title":{"rendered":"PORTARIA N\u00ba 115, DE 5 JUNHO DE 2025."},"content":{"rendered":"\n<p>NOMEIA OS MEMBROS DO CONSELHO MUNICIPAL DE ALIMENTA\u00c7\u00c3O ESCOLAR.<\/p>\n\n\n\n<p><\/p>\n\n\n\n<p><strong>O PREFEITO DE UNI\u00c3O DOS PALMARES, ALAGOAS,<\/strong> no uso da atribui\u00e7\u00e3o que lhe confere a Lei Org\u00e2nica Municipal;<\/p>\n\n\n\n<p><strong>CONSIDERANDO<\/strong> o disposto na Lei Federal n\u00ba 11.947\/2009, que disp\u00f5e sobre o atendimento da alimenta\u00e7\u00e3o escolar e do Programa Dinheiro Direto na Escola aos alunos da educa\u00e7\u00e3o b\u00e1sica; altera as Leis n\u00ba 10.880\/2004, 11.273\/2006, 11.507\/2007, revoga a Lei Federal n\u00ba 8.913\/1994 e dispositivos da Medida Provis\u00f3ria n\u00ba 2.178-36\/2001;<\/p>\n\n\n\n<p><strong>CONSIDERANDO<\/strong>, ainda,<strong> <\/strong>o disposto na Lei Municipal n\u00ba 827\/1995, que criou o Conselho Municipal de Alimenta\u00e7\u00e3o Escolar, e adequa\u00e7\u00e3o dada pela Lei Municipal n\u00ba 959\/2001;<\/p>\n\n\n\n<p><\/p>\n\n\n\n<p><strong>RESOLVE:<\/strong><\/p>\n\n\n\n<p><\/p>\n\n\n\n<p><strong>Art. 1\u00ba <\/strong>Nomear o Conselho Municipal de Alimenta\u00e7\u00e3o Escolar &#8211; CAE de Uni\u00e3o dos Palmares, Alagoas, para exercer o mandato quadrienal de 8 de junho de 2025 a 8 de junho de 2029, passando, a partir desta data, a ser constitu\u00eddo com os seguintes membros:<\/p>\n\n\n\n<ol class=\"wp-block-list\">\n<li><strong>Representantes do Poder Executivo<\/strong><\/li>\n<\/ol>\n\n\n\n<p>Titular: Maria Ramos Lopes de Oliveira<\/p>\n\n\n\n<p>Suplente: M\u00e1rcia In\u00e1cio de Oliveira<\/p>\n\n\n\n<ol start=\"2\" class=\"wp-block-list\">\n<li><strong>Representantes dos Trabalhadores da Educa\u00e7\u00e3o<\/strong><\/li>\n<\/ol>\n\n\n\n<p>Titular: Ver\u00f4nica C\u00e2ndido da Silva<\/p>\n\n\n\n<p>Suplente: Emanuel Carlos Ferreira de Sena<\/p>\n\n\n\n<p>Titular:&nbsp; Maria das Neves<\/p>\n\n\n\n<p>Suplente: Maria Silv\u00e2nia Miguel da Silva<\/p>\n\n\n\n<ol start=\"3\" class=\"wp-block-list\">\n<li><strong>Representantes dos Pais de Alunos<\/strong><\/li>\n<\/ol>\n\n\n\n<p>Titular: Alessandra Maria Santos Moreira&nbsp;<\/p>\n\n\n\n<p>Suplente: Maria C\u00edcera Goes<\/p>\n\n\n\n<p>Titular: Ligia Renata de Oliveira Souza<\/p>\n\n\n\n<p>Suplente: Adriana Barbosa da Silva<\/p>\n\n\n\n<ol start=\"4\" class=\"wp-block-list\">\n<li><strong>Representantes da Sociedade Civil<\/strong><\/li>\n<\/ol>\n\n\n\n<p>Titular: Josineide Andrade<\/p>\n\n\n\n<p>Suplente: Maristela de Macedo Veras<\/p>\n\n\n\n<p>Titular: Rosiete Vieira Acioli<\/p>\n\n\n\n<p>Suplente: Leonardo Acioli Marinho&nbsp;<\/p>\n\n\n\n<p><strong>Art. 2\u00ba <\/strong>Esta portaria entra em vigor na data de sua publica\u00e7\u00e3o.<\/p>\n\n\n\n<p><\/p>\n\n\n\n<p>Uni\u00e3o dos Palmares, 5 de junho de 2025.<\/p>\n\n\n\n<p><\/p>\n\n\n\n<p><strong>JOS\u00c9 IRAN MENEZES DA SILVA JUNIOR<\/strong><\/p>\n\n\n\n<p>Prefeito<\/p>\n","protected":false},"excerpt":{"rendered":"<p>NOMEIA OS MEMBROS DO CONSELHO MUNICIPAL DE ALIMENTA\u00c7\u00c3O ESCOLAR. O PREFEITO DE UNI\u00c3O DOS PALMARES, ALAGOAS, no uso da atribui\u00e7\u00e3o que lhe confere a Lei Org\u00e2nica Municipal; CONSIDERANDO o disposto na Lei Federal n\u00ba 11.947\/2009, que disp\u00f5e sobre o atendimento da alimenta\u00e7\u00e3o escolar e do Programa Dinheiro Direto na Escola aos alunos da educa\u00e7\u00e3o b\u00e1sica; [&hellip;]<\/p>\n","protected":false},"author":2,"featured_media":0,"comment_status":"open","ping_status":"open","sticky":false,"template":"","format":"standard","meta":{"footnotes":""},"categories":[6],"tags":[],"class_list":["post-3833","post","type-post","status-publish","format-standard","hentry","category-portarias"],"_links":{"self":[{"href":"https:\/\/www.diariomunicipal-al.com.br\/uniao\/wp-json\/wp\/v2\/posts\/3833","targetHints":{"allow":["GET"]}}],"collection":[{"href":"https:\/\/www.diariomunicipal-al.com.br\/uniao\/wp-json\/wp\/v2\/posts"}],"about":[{"href":"https:\/\/www.diariomunicipal-al.com.br\/uniao\/wp-json\/wp\/v2\/types\/post"}],"author":[{"embeddable":true,"href":"https:\/\/www.diariomunicipal-al.com.br\/uniao\/wp-json\/wp\/v2\/users\/2"}],"replies":[{"embeddable":true,"href":"https:\/\/www.diariomunicipal-al.com.br\/uniao\/wp-json\/wp\/v2\/comments?post=3833"}],"version-history":[{"count":1,"href":"https:\/\/www.diariomunicipal-al.com.br\/uniao\/wp-json\/wp\/v2\/posts\/3833\/revisions"}],"predecessor-version":[{"id":3834,"href":"https:\/\/www.diariomunicipal-al.com.br\/uniao\/wp-json\/wp\/v2\/posts\/3833\/revisions\/3834"}],"wp:attachment":[{"href":"https:\/\/www.diariomunicipal-al.com.br\/uniao\/wp-json\/wp\/v2\/media?parent=3833"}],"wp:term":[{"taxonomy":"category","embeddable":true,"href":"https:\/\/www.diariomunicipal-al.com.br\/uniao\/wp-json\/wp\/v2\/categories?post=3833"},{"taxonomy":"post_tag","embeddable":true,"href":"https:\/\/www.diariomunicipal-al.com.br\/uniao\/wp-json\/wp\/v2\/tags?post=3833"}],"curies":[{"name":"wp","href":"https:\/\/api.w.org\/{rel}","templated":true}]}}