{"id":3876,"date":"2025-04-25T09:37:57","date_gmt":"2025-04-25T12:37:57","guid":{"rendered":"https:\/\/www.diariomunicipal-al.com.br\/uniao\/?p=3876"},"modified":"2025-06-11T09:43:30","modified_gmt":"2025-06-11T12:43:30","slug":"lei-municipal-no-1-628-a-de-25-de-abril-de-2025","status":"publish","type":"post","link":"https:\/\/www.diariomunicipal-al.com.br\/uniao\/lei-municipal-no-1-628-a-de-25-de-abril-de-2025\/","title":{"rendered":"LEI MUNICIPAL N\u00ba 1.628-A, DE 25 DE ABRIL DE 2025."},"content":{"rendered":"\n<p>DISP\u00d5E SOBRE A CRIA\u00c7\u00c3O DO PROJETO BOMBEIRO MIRIM NO MUNIC\u00cdPIO DE UNI\u00c3O DOS PALMARES E D\u00c1 OUTRAS PROVID\u00caNCIAS.<\/p>\n\n\n\n<p><\/p>\n\n\n\n<p><strong>O<\/strong> <strong>PREFEITO DE UNI\u00c3O DOS PALMARES, ALAGOAS, <\/strong>no uso das atribui\u00e7\u00f5es que lhe s\u00e3o conferidas por lei, faz saber que a C\u00e2mara Municipal decretou e eu sanciono a seguinte lei:<\/p>\n\n\n\n<p><\/p>\n\n\n\n<p><strong>Art. 1\u00ba<\/strong> Fica criado, no Munic\u00edpio de Uni\u00e3o dos Palmares, o Projeto Bombeiro Mirim, com o objetivo de instruir crian\u00e7as e adolescentes em no\u00e7\u00f5es de primeiros socorros, combate e preven\u00e7\u00e3o de inc\u00eandios, cidadania, respeito, entre outros.<\/p>\n\n\n\n<p><strong>Par\u00e1grafo \u00fanico.<\/strong> S\u00e3o diretrizes b\u00e1sicas:<\/p>\n\n\n\n<p>I &#8211; Abordagem voltada para os princ\u00edpios de cidadania e dos direitos que s\u00e3o portadores;<\/p>\n\n\n\n<p>II &#8211; Valoriza\u00e7\u00e3o da escola enquanto intera\u00e7\u00e3o entre sujeitos socioculturais;<\/p>\n\n\n\n<p>III &#8211; Valoriza\u00e7\u00e3o da educa\u00e7\u00e3o e do di\u00e1logo como base de a\u00e7\u00e3o integrativa e recuperadora;<\/p>\n\n\n\n<p>IV &#8211; Desenvolvimento pleno de indiv\u00edduos como base de a\u00e7\u00e3o preventiva;<\/p>\n\n\n\n<p>V &#8211; Considera\u00e7\u00e3o da condi\u00e7\u00e3o peculiar de \u201cpessoas em desenvolvimento\u201d como orienta\u00e7\u00e3o essencial;<\/p>\n\n\n\n<p>VI &#8211; Desenvolvimento da solidariedade como forma de plantar a semente da sociedade do futuro;<\/p>\n\n\n\n<p>VII &#8211; Aprimoramento do car\u00e1ter, desenvolvimento do civismo e dos princ\u00edpios morais e \u00e9ticos como base para a constru\u00e7\u00e3o de um novo cidad\u00e3o;<\/p>\n\n\n\n<p><strong>Art. 2\u00ba<\/strong> S\u00e3o objetivos do Projeto:<\/p>\n\n\n\n<p>I \u2013 Fomentar a integra\u00e7\u00e3o entre a fam\u00edlia e a comunidade, criando oportunidades para o fortalecimento de la\u00e7os sociais e a conviv\u00eancia harmoniosa;<\/p>\n\n\n\n<p>II \u2013 Oferecer atividades c\u00edvicas, socioculturais, esportivas e recreativas que promovam o desenvolvimento do car\u00e1ter, da disciplina e da responsabilidade dos participantes;<\/p>\n\n\n\n<p>III \u2013 Orientar sobre o exerc\u00edcio da cidadania, com foco em primeiros socorros, legisla\u00e7\u00e3o de tr\u00e2nsito, preven\u00e7\u00e3o de acidentes, doen\u00e7as transmiss\u00edveis, ecologia e cuidados com o meio ambiente;<\/p>\n\n\n\n<p>IV \u2013 Capacitar os participantes em a\u00e7\u00f5es de combate e preven\u00e7\u00e3o a inc\u00eandios, preparando-os para emerg\u00eancias.<\/p>\n\n\n\n<p><strong>Art. 3\u00ba<\/strong> Poder\u00e3o participar do programa crian\u00e7as, adolescentes e jovens com idade m\u00ednima de 6 (seis) anos e m\u00e1xima de 17 (dezessete) anos que se encontrem, preferencialmente, em situa\u00e7\u00e3o de vulnerabilidade social.<\/p>\n\n\n\n<p><strong>\u00a7 1\u00ba<\/strong> O programa ter\u00e1 enfoque integral, oferecendo atividades l\u00fadicas que estimulam a curiosidade, a imagina\u00e7\u00e3o e o racioc\u00ednio l\u00f3gico, por meio de jogos e atividades de resolu\u00e7\u00e3o de problemas.<\/p>\n\n\n\n<p><strong>\u00a7 2\u00ba<\/strong> Os m\u00f3dulos do programa ser\u00e3o revisados e atualizados semestralmente, assegurando a constante evolu\u00e7\u00e3o do conte\u00fado oferecido.<\/p>\n\n\n\n<p><strong>\u00a7 3\u00ba<\/strong> A coordena\u00e7\u00e3o do Projeto ser\u00e1 de responsabilidade de militares da reserva e bombeiros civis, que garantir\u00e3o a execu\u00e7\u00e3o adequada e eficaz das atividades previstas.<\/p>\n\n\n\n<p><strong>\u00a7 4\u00ba<\/strong> Ao concluir o ensino m\u00e9dio, os alunos receber\u00e3o uma certifica\u00e7\u00e3o t\u00e9cnica de bombeiro civil, reconhecendo sua capacita\u00e7\u00e3o na \u00e1rea.<\/p>\n\n\n\n<p><strong>Art. 4\u00ba<\/strong> O Projeto ser\u00e1 desenvolvido em parceria com associa\u00e7\u00f5es, organiza\u00e7\u00f5es especializadas, Secretarias Municipais, entidades n\u00e3o governamentais e empresas, devidamente comprovadas por meio da celebra\u00e7\u00e3o de conv\u00eanios com a Prefeitura Municipal, podendo o Poder Executivo Municipal fornecer apoio, em termos de estrutura f\u00edsica e recursos or\u00e7ament\u00e1rios, visando \u00e0 manuten\u00e7\u00e3o e continuidade do Projeto Bombeiro Mirim.<\/p>\n\n\n\n<p><strong>Art. 5\u00ba<\/strong> Os recursos necess\u00e1rios para a execu\u00e7\u00e3o do Projeto Bombeiro Mirim ser\u00e3o custeados por dota\u00e7\u00f5es or\u00e7ament\u00e1rias espec\u00edficas ou por meio de emendas parlamentares, projetos e programas, ficando o Poder Executivo Municipal autorizado, quando necess\u00e1rio, a promover a abertura de cr\u00e9ditos adicionais para garantir a implementa\u00e7\u00e3o e continuidade das a\u00e7\u00f5es previstas nesta lei.<\/p>\n\n\n\n<p><strong>Art. 6\u00ba<\/strong> Esta lei entra em vigor na data de sua publica\u00e7\u00e3o.<\/p>\n\n\n\n<p><\/p>\n\n\n\n<p>Uni\u00e3o dos Palmares, Alagoas, em 25 de abril de 2025.<\/p>\n\n\n\n<p><\/p>\n\n\n\n<p><strong>JOS\u00c9 IRAN MENEZES DA SILVA JUNIOR<\/strong><\/p>\n\n\n\n<p>Prefeito<\/p>\n","protected":false},"excerpt":{"rendered":"<p>DISP\u00d5E SOBRE A CRIA\u00c7\u00c3O DO PROJETO BOMBEIRO MIRIM NO MUNIC\u00cdPIO DE UNI\u00c3O DOS PALMARES E D\u00c1 OUTRAS PROVID\u00caNCIAS. O PREFEITO DE UNI\u00c3O DOS PALMARES, ALAGOAS, no uso das atribui\u00e7\u00f5es que lhe s\u00e3o conferidas por lei, faz saber que a C\u00e2mara Municipal decretou e eu sanciono a seguinte lei: Art. 1\u00ba Fica criado, no Munic\u00edpio de [&hellip;]<\/p>\n","protected":false},"author":2,"featured_media":0,"comment_status":"open","ping_status":"open","sticky":false,"template":"","format":"standard","meta":{"footnotes":""},"categories":[2],"tags":[],"class_list":["post-3876","post","type-post","status-publish","format-standard","hentry","category-leis"],"_links":{"self":[{"href":"https:\/\/www.diariomunicipal-al.com.br\/uniao\/wp-json\/wp\/v2\/posts\/3876","targetHints":{"allow":["GET"]}}],"collection":[{"href":"https:\/\/www.diariomunicipal-al.com.br\/uniao\/wp-json\/wp\/v2\/posts"}],"about":[{"href":"https:\/\/www.diariomunicipal-al.com.br\/uniao\/wp-json\/wp\/v2\/types\/post"}],"author":[{"embeddable":true,"href":"https:\/\/www.diariomunicipal-al.com.br\/uniao\/wp-json\/wp\/v2\/users\/2"}],"replies":[{"embeddable":true,"href":"https:\/\/www.diariomunicipal-al.com.br\/uniao\/wp-json\/wp\/v2\/comments?post=3876"}],"version-history":[{"count":1,"href":"https:\/\/www.diariomunicipal-al.com.br\/uniao\/wp-json\/wp\/v2\/posts\/3876\/revisions"}],"predecessor-version":[{"id":3883,"href":"https:\/\/www.diariomunicipal-al.com.br\/uniao\/wp-json\/wp\/v2\/posts\/3876\/revisions\/3883"}],"wp:attachment":[{"href":"https:\/\/www.diariomunicipal-al.com.br\/uniao\/wp-json\/wp\/v2\/media?parent=3876"}],"wp:term":[{"taxonomy":"category","embeddable":true,"href":"https:\/\/www.diariomunicipal-al.com.br\/uniao\/wp-json\/wp\/v2\/categories?post=3876"},{"taxonomy":"post_tag","embeddable":true,"href":"https:\/\/www.diariomunicipal-al.com.br\/uniao\/wp-json\/wp\/v2\/tags?post=3876"}],"curies":[{"name":"wp","href":"https:\/\/api.w.org\/{rel}","templated":true}]}}