{"id":3892,"date":"2025-06-11T09:58:06","date_gmt":"2025-06-11T12:58:06","guid":{"rendered":"https:\/\/www.diariomunicipal-al.com.br\/uniao\/?p=3892"},"modified":"2025-09-23T15:17:25","modified_gmt":"2025-09-23T18:17:25","slug":"aviso-de-chamada-publica-4","status":"publish","type":"post","link":"https:\/\/www.diariomunicipal-al.com.br\/uniao\/aviso-de-chamada-publica-4\/","title":{"rendered":"AVISO DE CHAMADA P\u00daBLICA"},"content":{"rendered":"\n<p>MUNIC\u00cdPIO DE UNI\u00c3O DOS PALMARES<\/p>\n\n\n\n<p>EDITAL DE CONVOCA\u00c7\u00c3O<\/p>\n\n\n\n<p>CHAMADA P\u00daBLICA N\u00ba 01\/2025<\/p>\n\n\n\n<p>Chamada P\u00fablica n\u00ba 01\/2025 \u2013 Objeto: Aquisi\u00e7\u00e3o de G\u00eaneros Aliment\u00edcios da Agricultura Familiar e do Empreendedor Familiar Rural (Grupo Formal e Informal), para o atendimento do Programa Nacional de Alimenta\u00e7\u00e3o \u2013 PNAE \u2013 Data\/Hor\u00e1rio: 03 de julho de 2025 \u00e0s 10:00hs (dez horas) \u2013 O Edital em inteiro teor encontra-se dispon\u00edvel no portal do munic\u00edpio, atrav\u00e9s do site http:\/\/www.uniaodospalmares.al.gov.br, no endere\u00e7o sede da Prefeitura localizada na Rua Marechal Deodoro da Fonseca, Centro, CEP 57.800-000, em dias \u00fateis, no hor\u00e1rio das 08 \u00e0s 13 horas, ou por meio eletr\u00f4nico, mediante solicita\u00e7\u00e3o enviada ao e-mail: citacoes@uniaodospalmares.al.gov.br.<\/p>\n\n\n\n<p>ADRIANO JOS\u00c9 DA SILVA<\/p>\n\n\n\n<p>Agente de Contrata\u00e7\u00e3o<\/p>\n\n\n\n<div data-wp-interactive=\"core\/file\" class=\"wp-block-file\"><object data-wp-bind--hidden=\"!state.hasPdfPreview\" hidden class=\"wp-block-file__embed\" data=\"https:\/\/www.diariomunicipal-al.com.br\/uniao\/wp-content\/uploads\/2025\/06\/EDITAL-CHMADA-PUBLICA-01.2025-1.pdf\" type=\"application\/pdf\" style=\"width:100%;height:600px\" aria-label=\"Incorporado de EDITAL CHMADA P\u00daBLICA 01.2025.\"><\/object><a id=\"wp-block-file--media-274744bf-fe6b-436b-ba93-24b3445c2247\" href=\"https:\/\/www.diariomunicipal-al.com.br\/uniao\/wp-content\/uploads\/2025\/06\/EDITAL-CHMADA-PUBLICA-01.2025-1.pdf\">EDITAL CHMADA P\u00daBLICA 01.2025<\/a><a href=\"https:\/\/www.diariomunicipal-al.com.br\/uniao\/wp-content\/uploads\/2025\/06\/EDITAL-CHMADA-PUBLICA-01.2025-1.pdf\" class=\"wp-block-file__button wp-element-button\" download aria-describedby=\"wp-block-file--media-274744bf-fe6b-436b-ba93-24b3445c2247\">Baixar<\/a><\/div>\n","protected":false},"excerpt":{"rendered":"<p>MUNIC\u00cdPIO DE UNI\u00c3O DOS PALMARES EDITAL DE CONVOCA\u00c7\u00c3O CHAMADA P\u00daBLICA N\u00ba 01\/2025 Chamada P\u00fablica n\u00ba 01\/2025 \u2013 Objeto: Aquisi\u00e7\u00e3o de G\u00eaneros Aliment\u00edcios da Agricultura Familiar e do Empreendedor Familiar Rural (Grupo Formal e Informal), para o atendimento do Programa Nacional de Alimenta\u00e7\u00e3o \u2013 PNAE \u2013 Data\/Hor\u00e1rio: 03 de julho de 2025 \u00e0s 10:00hs (dez horas) [&hellip;]<\/p>\n","protected":false},"author":5,"featured_media":0,"comment_status":"open","ping_status":"open","sticky":false,"template":"","format":"standard","meta":{"footnotes":""},"categories":[1],"tags":[],"class_list":["post-3892","post","type-post","status-publish","format-standard","hentry","category-licitacoes"],"_links":{"self":[{"href":"https:\/\/www.diariomunicipal-al.com.br\/uniao\/wp-json\/wp\/v2\/posts\/3892","targetHints":{"allow":["GET"]}}],"collection":[{"href":"https:\/\/www.diariomunicipal-al.com.br\/uniao\/wp-json\/wp\/v2\/posts"}],"about":[{"href":"https:\/\/www.diariomunicipal-al.com.br\/uniao\/wp-json\/wp\/v2\/types\/post"}],"author":[{"embeddable":true,"href":"https:\/\/www.diariomunicipal-al.com.br\/uniao\/wp-json\/wp\/v2\/users\/5"}],"replies":[{"embeddable":true,"href":"https:\/\/www.diariomunicipal-al.com.br\/uniao\/wp-json\/wp\/v2\/comments?post=3892"}],"version-history":[{"count":2,"href":"https:\/\/www.diariomunicipal-al.com.br\/uniao\/wp-json\/wp\/v2\/posts\/3892\/revisions"}],"predecessor-version":[{"id":4588,"href":"https:\/\/www.diariomunicipal-al.com.br\/uniao\/wp-json\/wp\/v2\/posts\/3892\/revisions\/4588"}],"wp:attachment":[{"href":"https:\/\/www.diariomunicipal-al.com.br\/uniao\/wp-json\/wp\/v2\/media?parent=3892"}],"wp:term":[{"taxonomy":"category","embeddable":true,"href":"https:\/\/www.diariomunicipal-al.com.br\/uniao\/wp-json\/wp\/v2\/categories?post=3892"},{"taxonomy":"post_tag","embeddable":true,"href":"https:\/\/www.diariomunicipal-al.com.br\/uniao\/wp-json\/wp\/v2\/tags?post=3892"}],"curies":[{"name":"wp","href":"https:\/\/api.w.org\/{rel}","templated":true}]}}