{"id":398,"date":"2020-09-30T13:03:32","date_gmt":"2020-09-30T16:03:32","guid":{"rendered":"https:\/\/www.diariomunicipal-al.com.br\/uniao\/?p=398"},"modified":"2020-09-30T13:03:32","modified_gmt":"2020-09-30T16:03:32","slug":"398","status":"publish","type":"post","link":"https:\/\/www.diariomunicipal-al.com.br\/uniao\/398\/","title":{"rendered":""},"content":{"rendered":"\n<p>Est\u00e3o abertas, desta quarta-feira (30) at\u00e9 o dia 14 de outubro, as inscri\u00e7\u00f5es para os editais de fomento e premia\u00e7\u00e3o, a fim de Selecionar Projetos Culturais e Conceder Premia\u00e7\u00e3o para Grupos das Culturas Populares e Tradicionais do Munic\u00edpio, al\u00e9m do cadastramento dos espa\u00e7os art\u00edsticos e culturais de Uni\u00e3o dos Palmares que dever\u00e3o ser beneficiados pelos subs\u00eddios da Lei de Emerg\u00eancia Cultural Aldir Blanc.<\/p>\n\n\n\n<p>Os editais e seus anexos j\u00e1 est\u00e3o\ndispon\u00edveis no Di\u00e1rio Oficial do Munic\u00edpio, e ser\u00e3o lan\u00e7ados por meio da Secretaria\nMunicipal de Cultura (SECULT), para atender ao setor cultural, que teve suas\natividades paralisadas por conta da Covid-19.<\/p>\n\n\n\n<p>Publicada no Di\u00e1rio Oficial do\nMunic\u00edpio desta quarta-feira (30), a chamada p\u00fablica \u00e9 voltada aos equipamentos\nculturais mantidos por MEIs, microempresas, pequenas empresas culturais,\ncooperativas, institui\u00e7\u00f5es e organiza\u00e7\u00f5es culturais comunit\u00e1rias, al\u00e9m de\npontos de cultura, artistas e Grupos\ndas Culturas Populares e Tradicionais do Mun\u00edcipio de Uni\u00e3o dos Palmares.<\/p>\n\n\n\n<p>O cadastramento \u00e9 fundamental para o acesso aos recursos previstos em lei. As inscri\u00e7\u00f5es ser\u00e3o feitas exclusivamente pela internet, por meio do e-mail: <a href=\"mailto:leiemergenciaculturaludp@gmail.com\">leiemergenciaculturaludp@gmail.com<\/a> .  Poder\u00e3o participar deste cadastramento os espa\u00e7os art\u00edsticos, culturais, artistas e Grupos das Culturas Populares e Tradicionais, estabelecidos em Uni\u00e3o dos Palmares e que tiveram as suas atividades interrompidas durante as medidas de isolamento social impostas pela pandemia. <\/p>\n\n\n\n<div class=\"wp-block-file\"><a href=\"https:\/\/www.diariomunicipal-al.com.br\/uniao\/wp-content\/uploads\/2020\/09\/EDITAL-003-EDITAL-DAS-ARTES-POETA-JORGE-MATEUS-DE-LIMA-RETIFICADO.pdf\">EDITAL-003-EDITAL-DAS-ARTES-POETA-JORGE-MATEUS-DE-LIMA-RETIFICADO<\/a><a href=\"https:\/\/www.diariomunicipal-al.com.br\/uniao\/wp-content\/uploads\/2020\/09\/EDITAL-003-EDITAL-DAS-ARTES-POETA-JORGE-MATEUS-DE-LIMA-RETIFICADO.pdf\" class=\"wp-block-file__button\" download>Baixar<\/a><\/div>\n\n\n\n<div class=\"wp-block-file\"><a href=\"https:\/\/www.diariomunicipal-al.com.br\/uniao\/wp-content\/uploads\/2020\/09\/EDITAL-004-EDITAL-DE-FOMENTO-E-PREMIA\u00c7\u00c3O-MESTRE-DRAG\u00c3O-RETIFICADO.pdf\">EDITAL-004-EDITAL-DE-FOMENTO-E-PREMIA\u00c7\u00c3O-MESTRE-DRAG\u00c3O-RETIFICADO<\/a><a href=\"https:\/\/www.diariomunicipal-al.com.br\/uniao\/wp-content\/uploads\/2020\/09\/EDITAL-004-EDITAL-DE-FOMENTO-E-PREMIA\u00c7\u00c3O-MESTRE-DRAG\u00c3O-RETIFICADO.pdf\" class=\"wp-block-file__button\" download>Baixar<\/a><\/div>\n","protected":false},"excerpt":{"rendered":"<p>Est\u00e3o abertas, desta quarta-feira (30) at\u00e9 o dia 14 de outubro, as inscri\u00e7\u00f5es para os editais de fomento e premia\u00e7\u00e3o, a fim de Selecionar Projetos Culturais e Conceder Premia\u00e7\u00e3o para Grupos das Culturas Populares e Tradicionais do Munic\u00edpio, al\u00e9m do cadastramento dos espa\u00e7os art\u00edsticos e culturais de Uni\u00e3o dos Palmares que dever\u00e3o ser beneficiados pelos [&hellip;]<\/p>\n","protected":false},"author":2,"featured_media":0,"comment_status":"open","ping_status":"open","sticky":false,"template":"","format":"standard","meta":{"footnotes":""},"categories":[3],"tags":[],"class_list":["post-398","post","type-post","status-publish","format-standard","hentry","category-edital"],"_links":{"self":[{"href":"https:\/\/www.diariomunicipal-al.com.br\/uniao\/wp-json\/wp\/v2\/posts\/398","targetHints":{"allow":["GET"]}}],"collection":[{"href":"https:\/\/www.diariomunicipal-al.com.br\/uniao\/wp-json\/wp\/v2\/posts"}],"about":[{"href":"https:\/\/www.diariomunicipal-al.com.br\/uniao\/wp-json\/wp\/v2\/types\/post"}],"author":[{"embeddable":true,"href":"https:\/\/www.diariomunicipal-al.com.br\/uniao\/wp-json\/wp\/v2\/users\/2"}],"replies":[{"embeddable":true,"href":"https:\/\/www.diariomunicipal-al.com.br\/uniao\/wp-json\/wp\/v2\/comments?post=398"}],"version-history":[{"count":2,"href":"https:\/\/www.diariomunicipal-al.com.br\/uniao\/wp-json\/wp\/v2\/posts\/398\/revisions"}],"predecessor-version":[{"id":402,"href":"https:\/\/www.diariomunicipal-al.com.br\/uniao\/wp-json\/wp\/v2\/posts\/398\/revisions\/402"}],"wp:attachment":[{"href":"https:\/\/www.diariomunicipal-al.com.br\/uniao\/wp-json\/wp\/v2\/media?parent=398"}],"wp:term":[{"taxonomy":"category","embeddable":true,"href":"https:\/\/www.diariomunicipal-al.com.br\/uniao\/wp-json\/wp\/v2\/categories?post=398"},{"taxonomy":"post_tag","embeddable":true,"href":"https:\/\/www.diariomunicipal-al.com.br\/uniao\/wp-json\/wp\/v2\/tags?post=398"}],"curies":[{"name":"wp","href":"https:\/\/api.w.org\/{rel}","templated":true}]}}