{"id":4019,"date":"2025-06-25T11:41:14","date_gmt":"2025-06-25T14:41:14","guid":{"rendered":"https:\/\/www.diariomunicipal-al.com.br\/uniao\/?p=4019"},"modified":"2025-09-30T10:19:29","modified_gmt":"2025-09-30T13:19:29","slug":"aviso-de-retificacao-de-edital","status":"publish","type":"post","link":"https:\/\/www.diariomunicipal-al.com.br\/uniao\/aviso-de-retificacao-de-edital\/","title":{"rendered":"AVISO DE RETIFICA\u00c7\u00c3O DE EDITAL"},"content":{"rendered":"\n<p>MUNIC\u00cdPIO DE UNI\u00c3O DOS PALMARES<\/p>\n\n\n\n<p>AVISO DE RETIFICA\u00c7\u00c3O DE EDITAL<\/p>\n\n\n\n<p>CHAMADA P\u00daBLICA N\u00ba 01\/2025<\/p>\n\n\n\n<p>O Munic\u00edpio de Uni\u00e3o dos Palmares torna p\u00fablico, para conhecimento dos interessados, que foram recebidos e respondidos os pedidos de esclarecimentos referentes \u00e0 CHAMADA P\u00daBLICA N\u00ba 01\/2025, cujo objeto \u00e9 Aquisi\u00e7\u00e3o de G\u00eaneros Aliment\u00edcios da Agricultura Familiar e do Empreendedor Familiar Rural (Grupo Formal e Informal), para o atendimento do Programa Nacional de Alimenta\u00e7\u00e3o \u2013 PNAE.<\/p>\n\n\n\n<p>Informamos que as respostas aos questionamentos formulados foram encaminhados aos solicitantes e est\u00e3o dispon\u00edveis para consulta na sede da Comiss\u00e3o Permanente de Contrata\u00e7\u00e3o no endere\u00e7o sede da Prefeitura localizada na Rua Marechal Deodoro da Fonseca, Centro, CEP 57.800-000, em dias \u00fateis, no hor\u00e1rio das 08 \u00e0s 13 horas, ou por meio eletr\u00f4nico, mediante solicita\u00e7\u00e3o enviada ao e-mail: licitacoes@uniaodospalmares.al.gov.br.<\/p>\n\n\n\n<p>A data, hor\u00e1rio e local para a sess\u00e3o p\u00fablica de abertura da Chamada P\u00fablica N\u00ba 01\/2025 permanecem inalterados, conforme o Edital original. O edital encontra-se dispon\u00edvel conforme link abaixo.<\/p>\n\n\n\n<p>ADRIANO JOS\u00c9 DA SILVA<\/p>\n\n\n\n<p>Agente de Contrata\u00e7\u00e3o<\/p>\n\n\n\n<div data-wp-interactive=\"core\/file\" class=\"wp-block-file\"><object data-wp-bind--hidden=\"!state.hasPdfPreview\" hidden class=\"wp-block-file__embed\" data=\"https:\/\/www.diariomunicipal-al.com.br\/uniao\/wp-content\/uploads\/2025\/06\/2-edital-chamada-publica.pdf\" type=\"application\/pdf\" style=\"width:100%;height:600px\" aria-label=\"Incorporado de 2 - edital chamada p\u00fablica.\"><\/object><a id=\"wp-block-file--media-ba400659-dbf5-44e8-87cb-60969cab629b\" href=\"https:\/\/www.diariomunicipal-al.com.br\/uniao\/wp-content\/uploads\/2025\/06\/2-edital-chamada-publica.pdf\">2 &#8211; edital chamada p\u00fablica<\/a><a href=\"https:\/\/www.diariomunicipal-al.com.br\/uniao\/wp-content\/uploads\/2025\/06\/2-edital-chamada-publica.pdf\" class=\"wp-block-file__button wp-element-button\" download aria-describedby=\"wp-block-file--media-ba400659-dbf5-44e8-87cb-60969cab629b\">Baixar<\/a><\/div>\n","protected":false},"excerpt":{"rendered":"<p>MUNIC\u00cdPIO DE UNI\u00c3O DOS PALMARES AVISO DE RETIFICA\u00c7\u00c3O DE EDITAL CHAMADA P\u00daBLICA N\u00ba 01\/2025 O Munic\u00edpio de Uni\u00e3o dos Palmares torna p\u00fablico, para conhecimento dos interessados, que foram recebidos e respondidos os pedidos de esclarecimentos referentes \u00e0 CHAMADA P\u00daBLICA N\u00ba 01\/2025, cujo objeto \u00e9 Aquisi\u00e7\u00e3o de G\u00eaneros Aliment\u00edcios da Agricultura Familiar e do Empreendedor Familiar [&hellip;]<\/p>\n","protected":false},"author":5,"featured_media":0,"comment_status":"open","ping_status":"open","sticky":false,"template":"","format":"standard","meta":{"footnotes":""},"categories":[1],"tags":[],"class_list":["post-4019","post","type-post","status-publish","format-standard","hentry","category-licitacoes"],"_links":{"self":[{"href":"https:\/\/www.diariomunicipal-al.com.br\/uniao\/wp-json\/wp\/v2\/posts\/4019","targetHints":{"allow":["GET"]}}],"collection":[{"href":"https:\/\/www.diariomunicipal-al.com.br\/uniao\/wp-json\/wp\/v2\/posts"}],"about":[{"href":"https:\/\/www.diariomunicipal-al.com.br\/uniao\/wp-json\/wp\/v2\/types\/post"}],"author":[{"embeddable":true,"href":"https:\/\/www.diariomunicipal-al.com.br\/uniao\/wp-json\/wp\/v2\/users\/5"}],"replies":[{"embeddable":true,"href":"https:\/\/www.diariomunicipal-al.com.br\/uniao\/wp-json\/wp\/v2\/comments?post=4019"}],"version-history":[{"count":2,"href":"https:\/\/www.diariomunicipal-al.com.br\/uniao\/wp-json\/wp\/v2\/posts\/4019\/revisions"}],"predecessor-version":[{"id":4623,"href":"https:\/\/www.diariomunicipal-al.com.br\/uniao\/wp-json\/wp\/v2\/posts\/4019\/revisions\/4623"}],"wp:attachment":[{"href":"https:\/\/www.diariomunicipal-al.com.br\/uniao\/wp-json\/wp\/v2\/media?parent=4019"}],"wp:term":[{"taxonomy":"category","embeddable":true,"href":"https:\/\/www.diariomunicipal-al.com.br\/uniao\/wp-json\/wp\/v2\/categories?post=4019"},{"taxonomy":"post_tag","embeddable":true,"href":"https:\/\/www.diariomunicipal-al.com.br\/uniao\/wp-json\/wp\/v2\/tags?post=4019"}],"curies":[{"name":"wp","href":"https:\/\/api.w.org\/{rel}","templated":true}]}}