{"id":4027,"date":"2025-06-17T09:02:53","date_gmt":"2025-06-17T12:02:53","guid":{"rendered":"https:\/\/www.diariomunicipal-al.com.br\/uniao\/?p=4027"},"modified":"2025-06-26T09:04:17","modified_gmt":"2025-06-26T12:04:17","slug":"portaria-no-120-de-17-de-junho-de-2025","status":"publish","type":"post","link":"https:\/\/www.diariomunicipal-al.com.br\/uniao\/portaria-no-120-de-17-de-junho-de-2025\/","title":{"rendered":"PORTARIA N\u00ba 120, DE 17 DE JUNHO DE 2025."},"content":{"rendered":"\n<p>DESIGNA A ARTICULADORA DO SELO UNICEF &#8211; EDI\u00c7\u00c3O 2025\/2028 NO \u00c2MBITO DO MUNIC\u00cdPIO DE UNI\u00c3O DOS PALMARES.<\/p>\n\n\n\n<p><\/p>\n\n\n\n<p><strong>O PREFEITO DE UNI\u00c3O DOS PALMARES, ALAGOAS,<\/strong> no uso da atribui\u00e7\u00e3o que lhe confere o art. 94 da Lei Org\u00e2nica Municipal;<\/p>\n\n\n\n<p><strong>CONSIDERANDO <\/strong>o disposto na Lei Federal n\u00ba 8.069, de 13 de julho de 1990 &#8211; Estatuto da Crian\u00e7a e do Adolescente (ECA), e altera\u00e7\u00f5es pela Lei Federal n\u00ba 13.431\/2017;<\/p>\n\n\n\n<p><strong>CONSIDERANDO <\/strong>o disposto no Decreto Federal n\u00ba 99.710, de 21 de novembro de 1990, que ratificou, em todos os seus termos, a Conven\u00e7\u00e3o Internacional dos Direitos da Crian\u00e7a;<\/p>\n\n\n\n<p><strong>CONSIDERANDO, <\/strong>por fim, o Regulamento e o Guia Metodol\u00f3gico da Edi\u00e7\u00e3o 2025\/2028, que estabelecem normas e procedimentos para ades\u00e3o e participa\u00e7\u00e3o no Selo UNICEF, iniciativa voltada \u00e0 redu\u00e7\u00e3o das desigualdades e \u00e0 garantia dos direitos das crian\u00e7as e dos adolescentes previstos na Conven\u00e7\u00e3o dos os Direitos da Crian\u00e7a e no Estatuto da Crian\u00e7a e do Adolescente &#8211; ECA;<\/p>\n\n\n\n<p><\/p>\n\n\n\n<p><strong>RESOLVE:<\/strong><\/p>\n\n\n\n<p><\/p>\n\n\n\n<p><strong>Art. 1\u00ba <\/strong>Designar <strong>ROSE MARY PEREIRA DE MORAES VILA NOVA,<\/strong><em> <\/em>CPF n\u00ba 665.247.924-91, servidora p\u00fablica desta municipalidade, como Articuladora do Selo UNICEF &#8211; Edi\u00e7\u00e3o 2025\/2028 no \u00e2mbito do Munic\u00edpio de Uni\u00e3o dos Palmares.<\/p>\n\n\n\n<p><strong>Art. 2\u00ba <\/strong>Esta portaria entra em vigor na data de sua publica\u00e7\u00e3o, revogadas as disposi\u00e7\u00f5es em contr\u00e1rio.<\/p>\n\n\n\n<p><\/p>\n\n\n\n<p>Uni\u00e3o dos Palmares, 17 de junho de 2025.<\/p>\n\n\n\n<p><\/p>\n\n\n\n<p><strong>JOS\u00c9 IRAN MENEZES DA SILVA JUNIOR<\/strong><\/p>\n\n\n\n<p>Prefeito<\/p>\n\n\n\n<p><\/p>\n","protected":false},"excerpt":{"rendered":"<p>DESIGNA A ARTICULADORA DO SELO UNICEF &#8211; EDI\u00c7\u00c3O 2025\/2028 NO \u00c2MBITO DO MUNIC\u00cdPIO DE UNI\u00c3O DOS PALMARES. O PREFEITO DE UNI\u00c3O DOS PALMARES, ALAGOAS, no uso da atribui\u00e7\u00e3o que lhe confere o art. 94 da Lei Org\u00e2nica Municipal; CONSIDERANDO o disposto na Lei Federal n\u00ba 8.069, de 13 de julho de 1990 &#8211; Estatuto da [&hellip;]<\/p>\n","protected":false},"author":2,"featured_media":0,"comment_status":"open","ping_status":"open","sticky":false,"template":"","format":"standard","meta":{"footnotes":""},"categories":[6],"tags":[],"class_list":["post-4027","post","type-post","status-publish","format-standard","hentry","category-portarias"],"_links":{"self":[{"href":"https:\/\/www.diariomunicipal-al.com.br\/uniao\/wp-json\/wp\/v2\/posts\/4027","targetHints":{"allow":["GET"]}}],"collection":[{"href":"https:\/\/www.diariomunicipal-al.com.br\/uniao\/wp-json\/wp\/v2\/posts"}],"about":[{"href":"https:\/\/www.diariomunicipal-al.com.br\/uniao\/wp-json\/wp\/v2\/types\/post"}],"author":[{"embeddable":true,"href":"https:\/\/www.diariomunicipal-al.com.br\/uniao\/wp-json\/wp\/v2\/users\/2"}],"replies":[{"embeddable":true,"href":"https:\/\/www.diariomunicipal-al.com.br\/uniao\/wp-json\/wp\/v2\/comments?post=4027"}],"version-history":[{"count":1,"href":"https:\/\/www.diariomunicipal-al.com.br\/uniao\/wp-json\/wp\/v2\/posts\/4027\/revisions"}],"predecessor-version":[{"id":4028,"href":"https:\/\/www.diariomunicipal-al.com.br\/uniao\/wp-json\/wp\/v2\/posts\/4027\/revisions\/4028"}],"wp:attachment":[{"href":"https:\/\/www.diariomunicipal-al.com.br\/uniao\/wp-json\/wp\/v2\/media?parent=4027"}],"wp:term":[{"taxonomy":"category","embeddable":true,"href":"https:\/\/www.diariomunicipal-al.com.br\/uniao\/wp-json\/wp\/v2\/categories?post=4027"},{"taxonomy":"post_tag","embeddable":true,"href":"https:\/\/www.diariomunicipal-al.com.br\/uniao\/wp-json\/wp\/v2\/tags?post=4027"}],"curies":[{"name":"wp","href":"https:\/\/api.w.org\/{rel}","templated":true}]}}