{"id":4039,"date":"2025-06-27T18:11:50","date_gmt":"2025-06-27T21:11:50","guid":{"rendered":"https:\/\/www.diariomunicipal-al.com.br\/uniao\/?p=4039"},"modified":"2025-06-27T18:11:50","modified_gmt":"2025-06-27T21:11:50","slug":"portaria-n-121-de-27-de-junho-de-2025","status":"publish","type":"post","link":"https:\/\/www.diariomunicipal-al.com.br\/uniao\/portaria-n-121-de-27-de-junho-de-2025\/","title":{"rendered":"PORTARIA N\u00b0 121, DE 27 DE JUNHO DE 2025."},"content":{"rendered":"\n<p>DISP\u00d5E SOBRE A EXONERA\u00c7\u00c3O DO SUPERINTENDENTE DE ENERGIA E ILUMINA\u00c7\u00c3O P\u00daBLICA.<\/p>\n\n\n\n<p><\/p>\n\n\n\n<p>O PREFEITO DE UNI\u00c3O DOS PALMARES, ALAGOAS, no uso da atribui\u00e7\u00e3o que lhe confere o art. 49, I, da Lei Org\u00e2nica Municipal;<\/p>\n\n\n\n<p><\/p>\n\n\n\n<p>RESOLVE:<\/p>\n\n\n\n<p><\/p>\n\n\n\n<p>Art. 1\u00ba Exonerar, a pedido, BRUNO PEDROSA MENEZES, CPF n\u00ba 040.035.664-32, do cargo de Superintendente Municipal de Energia e Ilumina\u00e7\u00e3o P\u00fablica.<\/p>\n\n\n\n<p>Art. 2\u00ba Esta portaria entra em vigor na data de sua publica\u00e7\u00e3o, revogada a Portaria n\u00ba 024\/2025 e demais disposi\u00e7\u00f5es em contr\u00e1rio.<\/p>\n\n\n\n<p><\/p>\n\n\n\n<p>Uni\u00e3o dos Palmares, 27 de junho de 2025.<\/p>\n\n\n\n<p><\/p>\n\n\n\n<p>JOS\u00c9 IRAN MENEZES DA SILVA JUNIOR<\/p>\n\n\n\n<p>Prefeito<\/p>\n\n\n\n<p><\/p>\n","protected":false},"excerpt":{"rendered":"<p>DISP\u00d5E SOBRE A EXONERA\u00c7\u00c3O DO SUPERINTENDENTE DE ENERGIA E ILUMINA\u00c7\u00c3O P\u00daBLICA. O PREFEITO DE UNI\u00c3O DOS PALMARES, ALAGOAS, no uso da atribui\u00e7\u00e3o que lhe confere o art. 49, I, da Lei Org\u00e2nica Municipal; RESOLVE: Art. 1\u00ba Exonerar, a pedido, BRUNO PEDROSA MENEZES, CPF n\u00ba 040.035.664-32, do cargo de Superintendente Municipal de Energia e Ilumina\u00e7\u00e3o P\u00fablica. [&hellip;]<\/p>\n","protected":false},"author":2,"featured_media":0,"comment_status":"open","ping_status":"open","sticky":false,"template":"","format":"standard","meta":{"footnotes":""},"categories":[6],"tags":[],"class_list":["post-4039","post","type-post","status-publish","format-standard","hentry","category-portarias"],"_links":{"self":[{"href":"https:\/\/www.diariomunicipal-al.com.br\/uniao\/wp-json\/wp\/v2\/posts\/4039","targetHints":{"allow":["GET"]}}],"collection":[{"href":"https:\/\/www.diariomunicipal-al.com.br\/uniao\/wp-json\/wp\/v2\/posts"}],"about":[{"href":"https:\/\/www.diariomunicipal-al.com.br\/uniao\/wp-json\/wp\/v2\/types\/post"}],"author":[{"embeddable":true,"href":"https:\/\/www.diariomunicipal-al.com.br\/uniao\/wp-json\/wp\/v2\/users\/2"}],"replies":[{"embeddable":true,"href":"https:\/\/www.diariomunicipal-al.com.br\/uniao\/wp-json\/wp\/v2\/comments?post=4039"}],"version-history":[{"count":1,"href":"https:\/\/www.diariomunicipal-al.com.br\/uniao\/wp-json\/wp\/v2\/posts\/4039\/revisions"}],"predecessor-version":[{"id":4040,"href":"https:\/\/www.diariomunicipal-al.com.br\/uniao\/wp-json\/wp\/v2\/posts\/4039\/revisions\/4040"}],"wp:attachment":[{"href":"https:\/\/www.diariomunicipal-al.com.br\/uniao\/wp-json\/wp\/v2\/media?parent=4039"}],"wp:term":[{"taxonomy":"category","embeddable":true,"href":"https:\/\/www.diariomunicipal-al.com.br\/uniao\/wp-json\/wp\/v2\/categories?post=4039"},{"taxonomy":"post_tag","embeddable":true,"href":"https:\/\/www.diariomunicipal-al.com.br\/uniao\/wp-json\/wp\/v2\/tags?post=4039"}],"curies":[{"name":"wp","href":"https:\/\/api.w.org\/{rel}","templated":true}]}}