{"id":4041,"date":"2025-06-27T18:14:03","date_gmt":"2025-06-27T21:14:03","guid":{"rendered":"https:\/\/www.diariomunicipal-al.com.br\/uniao\/?p=4041"},"modified":"2025-06-27T18:14:03","modified_gmt":"2025-06-27T21:14:03","slug":"portaria-n-122-de-27-de-junho-de-2025","status":"publish","type":"post","link":"https:\/\/www.diariomunicipal-al.com.br\/uniao\/portaria-n-122-de-27-de-junho-de-2025\/","title":{"rendered":"PORTARIA N\u00b0 122, DE 27 DE JUNHO DE 2025."},"content":{"rendered":"\n<p>DISP\u00d5E SOBRE A NOMEA\u00c7\u00c3O DO SUPERINTENDENTE DE ENERGIA E ILUMINA\u00c7\u00c3O P\u00daBLICA.<\/p>\n\n\n\n<p><\/p>\n\n\n\n<p>O PREFEITO DE UNI\u00c3O DOS PALMARES, ALAGOAS, no uso da atribui\u00e7\u00e3o que lhe confere o art. 49, I, da Lei Org\u00e2nica Municipal;<\/p>\n\n\n\n<p><\/p>\n\n\n\n<p>RESOLVE:<\/p>\n\n\n\n<p><\/p>\n\n\n\n<p>Art. 1\u00ba Nomear ELOI AMARO DA SILVA NETO, CPF n\u00ba 122.842.244-31, para exercer o cargo de Superintendente Municipal de Energia e Ilumina\u00e7\u00e3o P\u00fablica &#8211; CCI.<\/p>\n\n\n\n<p>Art. 2\u00ba Esta portaria entra em vigor na data de sua publica\u00e7\u00e3o, revogadas as disposi\u00e7\u00f5es em contr\u00e1rio.<\/p>\n\n\n\n<p><\/p>\n\n\n\n<p>Uni\u00e3o dos Palmares, 27 de junho de 2025.<\/p>\n\n\n\n<p><\/p>\n\n\n\n<p>JOS\u00c9 IRAN MENEZES DA SILVA JUNIOR<\/p>\n\n\n\n<p>Prefeito<\/p>\n\n\n\n<p><\/p>\n","protected":false},"excerpt":{"rendered":"<p>DISP\u00d5E SOBRE A NOMEA\u00c7\u00c3O DO SUPERINTENDENTE DE ENERGIA E ILUMINA\u00c7\u00c3O P\u00daBLICA. O PREFEITO DE UNI\u00c3O DOS PALMARES, ALAGOAS, no uso da atribui\u00e7\u00e3o que lhe confere o art. 49, I, da Lei Org\u00e2nica Municipal; RESOLVE: Art. 1\u00ba Nomear ELOI AMARO DA SILVA NETO, CPF n\u00ba 122.842.244-31, para exercer o cargo de Superintendente Municipal de Energia e [&hellip;]<\/p>\n","protected":false},"author":2,"featured_media":0,"comment_status":"open","ping_status":"open","sticky":false,"template":"","format":"standard","meta":{"footnotes":""},"categories":[6],"tags":[],"class_list":["post-4041","post","type-post","status-publish","format-standard","hentry","category-portarias"],"_links":{"self":[{"href":"https:\/\/www.diariomunicipal-al.com.br\/uniao\/wp-json\/wp\/v2\/posts\/4041","targetHints":{"allow":["GET"]}}],"collection":[{"href":"https:\/\/www.diariomunicipal-al.com.br\/uniao\/wp-json\/wp\/v2\/posts"}],"about":[{"href":"https:\/\/www.diariomunicipal-al.com.br\/uniao\/wp-json\/wp\/v2\/types\/post"}],"author":[{"embeddable":true,"href":"https:\/\/www.diariomunicipal-al.com.br\/uniao\/wp-json\/wp\/v2\/users\/2"}],"replies":[{"embeddable":true,"href":"https:\/\/www.diariomunicipal-al.com.br\/uniao\/wp-json\/wp\/v2\/comments?post=4041"}],"version-history":[{"count":1,"href":"https:\/\/www.diariomunicipal-al.com.br\/uniao\/wp-json\/wp\/v2\/posts\/4041\/revisions"}],"predecessor-version":[{"id":4042,"href":"https:\/\/www.diariomunicipal-al.com.br\/uniao\/wp-json\/wp\/v2\/posts\/4041\/revisions\/4042"}],"wp:attachment":[{"href":"https:\/\/www.diariomunicipal-al.com.br\/uniao\/wp-json\/wp\/v2\/media?parent=4041"}],"wp:term":[{"taxonomy":"category","embeddable":true,"href":"https:\/\/www.diariomunicipal-al.com.br\/uniao\/wp-json\/wp\/v2\/categories?post=4041"},{"taxonomy":"post_tag","embeddable":true,"href":"https:\/\/www.diariomunicipal-al.com.br\/uniao\/wp-json\/wp\/v2\/tags?post=4041"}],"curies":[{"name":"wp","href":"https:\/\/api.w.org\/{rel}","templated":true}]}}