{"id":4053,"date":"2025-07-01T09:41:52","date_gmt":"2025-07-01T12:41:52","guid":{"rendered":"https:\/\/www.diariomunicipal-al.com.br\/uniao\/?p=4053"},"modified":"2025-07-01T09:41:53","modified_gmt":"2025-07-01T12:41:53","slug":"aviso-de-suspensao-chamada-publica","status":"publish","type":"post","link":"https:\/\/www.diariomunicipal-al.com.br\/uniao\/aviso-de-suspensao-chamada-publica\/","title":{"rendered":"AVISO DE SUSPENS\u00c3O &#8211; CHAMADA P\u00daBLICA"},"content":{"rendered":"\n<p>MUNIC\u00cdPIO DE UNI\u00c3O DOS PALMARES<\/p>\n\n\n\n<p>AVISO DE SUSPENS\u00c3O<\/p>\n\n\n\n<p>CHAMADA P\u00daBLICA N\u00ba 01\/2025<\/p>\n\n\n\n<p>O Munic\u00edpio de Uni\u00e3o dos Palmares torna p\u00fablico, para conhecimento dos interessados, que resolve SUSPENDER TEMPORARIAMENTE a licita\u00e7\u00e3o CHAMADA P\u00daBLICA N\u00ba 01\/2025, cujo objeto \u00e9 Aquisi\u00e7\u00e3o de G\u00eaneros Aliment\u00edcios da Agricultura Familiar e do Empreendedor Familiar Rural (Grupo Formal e Informal), para o atendimento do Programa Nacional de Alimenta\u00e7\u00e3o \u2013 PNAE, tendo em vista a necessidade de an\u00e1lise de algumas altera\u00e7\u00f5es em edital.<\/p>\n\n\n\n<p>Ap\u00f3s a devida an\u00e1lise, uma nova data para realiza\u00e7\u00e3o da sess\u00e3o ser\u00e1 publicada nos mesmos meios do instrumento convocat\u00f3rio.<\/p>\n\n\n\n<p>ADRIANO JOS\u00c9 DA SILVA<\/p>\n\n\n\n<p>Agente de Contrata\u00e7\u00e3o<\/p>\n","protected":false},"excerpt":{"rendered":"<p>MUNIC\u00cdPIO DE UNI\u00c3O DOS PALMARES AVISO DE SUSPENS\u00c3O CHAMADA P\u00daBLICA N\u00ba 01\/2025 O Munic\u00edpio de Uni\u00e3o dos Palmares torna p\u00fablico, para conhecimento dos interessados, que resolve SUSPENDER TEMPORARIAMENTE a licita\u00e7\u00e3o CHAMADA P\u00daBLICA N\u00ba 01\/2025, cujo objeto \u00e9 Aquisi\u00e7\u00e3o de G\u00eaneros Aliment\u00edcios da Agricultura Familiar e do Empreendedor Familiar Rural (Grupo Formal e Informal), para o [&hellip;]<\/p>\n","protected":false},"author":5,"featured_media":0,"comment_status":"open","ping_status":"open","sticky":false,"template":"","format":"standard","meta":{"footnotes":""},"categories":[1],"tags":[],"class_list":["post-4053","post","type-post","status-publish","format-standard","hentry","category-licitacoes"],"_links":{"self":[{"href":"https:\/\/www.diariomunicipal-al.com.br\/uniao\/wp-json\/wp\/v2\/posts\/4053","targetHints":{"allow":["GET"]}}],"collection":[{"href":"https:\/\/www.diariomunicipal-al.com.br\/uniao\/wp-json\/wp\/v2\/posts"}],"about":[{"href":"https:\/\/www.diariomunicipal-al.com.br\/uniao\/wp-json\/wp\/v2\/types\/post"}],"author":[{"embeddable":true,"href":"https:\/\/www.diariomunicipal-al.com.br\/uniao\/wp-json\/wp\/v2\/users\/5"}],"replies":[{"embeddable":true,"href":"https:\/\/www.diariomunicipal-al.com.br\/uniao\/wp-json\/wp\/v2\/comments?post=4053"}],"version-history":[{"count":1,"href":"https:\/\/www.diariomunicipal-al.com.br\/uniao\/wp-json\/wp\/v2\/posts\/4053\/revisions"}],"predecessor-version":[{"id":4054,"href":"https:\/\/www.diariomunicipal-al.com.br\/uniao\/wp-json\/wp\/v2\/posts\/4053\/revisions\/4054"}],"wp:attachment":[{"href":"https:\/\/www.diariomunicipal-al.com.br\/uniao\/wp-json\/wp\/v2\/media?parent=4053"}],"wp:term":[{"taxonomy":"category","embeddable":true,"href":"https:\/\/www.diariomunicipal-al.com.br\/uniao\/wp-json\/wp\/v2\/categories?post=4053"},{"taxonomy":"post_tag","embeddable":true,"href":"https:\/\/www.diariomunicipal-al.com.br\/uniao\/wp-json\/wp\/v2\/tags?post=4053"}],"curies":[{"name":"wp","href":"https:\/\/api.w.org\/{rel}","templated":true}]}}