{"id":4111,"date":"2025-07-08T15:43:27","date_gmt":"2025-07-08T18:43:27","guid":{"rendered":"https:\/\/www.diariomunicipal-al.com.br\/uniao\/?p=4111"},"modified":"2025-07-08T15:46:38","modified_gmt":"2025-07-08T18:46:38","slug":"edital-n-01-2025-camara-municipal-de-uniao-dos-palmares","status":"publish","type":"post","link":"https:\/\/www.diariomunicipal-al.com.br\/uniao\/edital-n-01-2025-camara-municipal-de-uniao-dos-palmares\/","title":{"rendered":"EDITAL N\u00b0 01\/2025 &#8211; C\u00c2MARA MUNICIPAL DE UNI\u00c3O DOS PALMARES"},"content":{"rendered":"\n<p>CONVOCA\u00c7\u00c3O PARA ELEI\u00c7\u00c3O DA MESA DIRETORA DA C\u00c2MARA MUNICIPAL DE UNI\u00c3O DOS PALMARES\/AL &#8211; BI\u00caNIO 2027\/2028<\/p>\n\n\n\n<div data-wp-interactive=\"core\/file\" class=\"wp-block-file\"><object data-wp-bind--hidden=\"!state.hasPdfPreview\" hidden class=\"wp-block-file__embed\" data=\"https:\/\/www.diariomunicipal-al.com.br\/uniao\/wp-content\/uploads\/2025\/07\/Edital-01-2025.pdf\" type=\"application\/pdf\" style=\"width:100%;height:600px\" aria-label=\"Incorporado de Edital 01-2025.\"><\/object><a id=\"wp-block-file--media-48d2cc03-ec69-4a22-9290-f02ff1271623\" href=\"https:\/\/www.diariomunicipal-al.com.br\/uniao\/wp-content\/uploads\/2025\/07\/Edital-01-2025.pdf\">Edital 01-2025<\/a><a href=\"https:\/\/www.diariomunicipal-al.com.br\/uniao\/wp-content\/uploads\/2025\/07\/Edital-01-2025.pdf\" class=\"wp-block-file__button wp-element-button\" download aria-describedby=\"wp-block-file--media-48d2cc03-ec69-4a22-9290-f02ff1271623\">Baixar<\/a><\/div>\n","protected":false},"excerpt":{"rendered":"<p>CONVOCA\u00c7\u00c3O PARA ELEI\u00c7\u00c3O DA MESA DIRETORA DA C\u00c2MARA MUNICIPAL DE UNI\u00c3O DOS PALMARES\/AL &#8211; BI\u00caNIO 2027\/2028<\/p>\n","protected":false},"author":2,"featured_media":0,"comment_status":"open","ping_status":"open","sticky":false,"template":"","format":"standard","meta":{"footnotes":""},"categories":[10],"tags":[],"class_list":["post-4111","post","type-post","status-publish","format-standard","hentry","category-externo"],"_links":{"self":[{"href":"https:\/\/www.diariomunicipal-al.com.br\/uniao\/wp-json\/wp\/v2\/posts\/4111","targetHints":{"allow":["GET"]}}],"collection":[{"href":"https:\/\/www.diariomunicipal-al.com.br\/uniao\/wp-json\/wp\/v2\/posts"}],"about":[{"href":"https:\/\/www.diariomunicipal-al.com.br\/uniao\/wp-json\/wp\/v2\/types\/post"}],"author":[{"embeddable":true,"href":"https:\/\/www.diariomunicipal-al.com.br\/uniao\/wp-json\/wp\/v2\/users\/2"}],"replies":[{"embeddable":true,"href":"https:\/\/www.diariomunicipal-al.com.br\/uniao\/wp-json\/wp\/v2\/comments?post=4111"}],"version-history":[{"count":1,"href":"https:\/\/www.diariomunicipal-al.com.br\/uniao\/wp-json\/wp\/v2\/posts\/4111\/revisions"}],"predecessor-version":[{"id":4113,"href":"https:\/\/www.diariomunicipal-al.com.br\/uniao\/wp-json\/wp\/v2\/posts\/4111\/revisions\/4113"}],"wp:attachment":[{"href":"https:\/\/www.diariomunicipal-al.com.br\/uniao\/wp-json\/wp\/v2\/media?parent=4111"}],"wp:term":[{"taxonomy":"category","embeddable":true,"href":"https:\/\/www.diariomunicipal-al.com.br\/uniao\/wp-json\/wp\/v2\/categories?post=4111"},{"taxonomy":"post_tag","embeddable":true,"href":"https:\/\/www.diariomunicipal-al.com.br\/uniao\/wp-json\/wp\/v2\/tags?post=4111"}],"curies":[{"name":"wp","href":"https:\/\/api.w.org\/{rel}","templated":true}]}}