{"id":4118,"date":"2025-07-09T08:27:13","date_gmt":"2025-07-09T11:27:13","guid":{"rendered":"https:\/\/www.diariomunicipal-al.com.br\/uniao\/?p=4118"},"modified":"2025-07-09T08:27:13","modified_gmt":"2025-07-09T11:27:13","slug":"decreto-no-048-de-8-de-julho-de-2025","status":"publish","type":"post","link":"https:\/\/www.diariomunicipal-al.com.br\/uniao\/decreto-no-048-de-8-de-julho-de-2025\/","title":{"rendered":"DECRETO N\u00ba 048, DE 8 DE JULHO DE 2025."},"content":{"rendered":"\n<p>DECLARA DE UTILIDADE P\u00daBLICA, PARA FINS DE DESAPROPRIA\u00c7\u00c3O PARCIAL, AMIG\u00c1VEL OU JUDICIAL, O IM\u00d3VEL SITUADO NA RUA DA GRANJA NO CONJUNTO PADRE DONALD, DESTE MUNIC\u00cdPIO, PARA FINS DE AMPLIA\u00c7\u00c3O DO CEMIT\u00c9RIO MUNICIPAL CAMPO SANTO DOS PALMARES.<\/p>\n\n\n\n<p><\/p>\n\n\n\n<p><strong>O PREFEITO DE UNI\u00c3O DOS PALMARES, ALAGOAS,<\/strong> no uso da atribui\u00e7\u00e3o que lhe confere o art. 49, IV, da Lei Org\u00e2nica Municipal;<\/p>\n\n\n\n<p><strong>CONSIDERANDO<\/strong> que o Decreto-Lei n\u00ba 3.365, de 21 de junho de 1941, determina que a Municipalidade tem compet\u00eancia para desapropriar \u00e1rea de particular para fins de melhoria da presta\u00e7\u00e3o dos servi\u00e7os p\u00fablicos;<\/p>\n\n\n\n<p><strong>CONSIDERANDO <\/strong>que o art. 5\u00ba, al\u00ednea \u201cm\u201d, do Decreto-Lei n\u00ba 3.365\/1941 considera caso de utilidade p\u00fablica a constru\u00e7\u00e3o de edif\u00edcios p\u00fablicos, monumentos comemorativos e cemit\u00e9rios;<\/p>\n\n\n\n<p><strong>CONSIDERANDO <\/strong>que a desapropria\u00e7\u00e3o do im\u00f3vel descrito a seguir ir\u00e1 oportunizar a amplia\u00e7\u00e3o do Cemit\u00e9rio Municipal Campo Santo dos Palmares, visando atender a demanda da regi\u00e3o e contribuindo para melhora de sua capacidade com a abertura de novas sepulturas;<\/p>\n\n\n\n<p><\/p>\n\n\n\n<p><strong>DECRETA:<\/strong><\/p>\n\n\n\n<p><\/p>\n\n\n\n<p><strong>Art. 1\u00ba<\/strong> Fica declarada de utilidade p\u00fablica, para fins de desapropria\u00e7\u00e3o parcial, amig\u00e1vel ou judicial, nos termos do disposto no art. 2\u00ba, al\u00ednea &#8220;m&#8221;, do art. 5\u00ba e o art. 6\u00ba do Decreto-Lei n\u00ba 3.365\/1941, a \u00e1rea de <strong>31.131,00 m\u00b2<\/strong> (trinta e um mil e cento e trinta e um metros quadrados), gleba de terra localizada na Rua da Granja no Conjunto Padre Donald, Uni\u00e3o dos Palmares\/AL, com registro no 1\u00ba Tabelionato de Notas \u2013 Registro de Im\u00f3veis e Protesto de T\u00edtulos de Uni\u00e3o dos Palmares, Alagoas sob a matr\u00edcula n\u00ba 201, Livro 02, por corresponder a uma \u00e1rea pr\u00f3xima ao Cemit\u00e9rio Municipal Campo Santo dos Palmares que proporcionar\u00e1 sua amplia\u00e7\u00e3o e atender\u00e1 relevante interesse de ordem p\u00fablica, bem como impedir\u00e1 o colapso no sistema p\u00fablico de sepultamentos.<\/p>\n\n\n\n<p><strong>Art. 2\u00ba <\/strong>A \u00e1rea expropriada que for\u00e7a este Decreto \u00e9 de 31.131,00 m\u00b2 (trinta e um mil e cento e trinta e um metros quadrados) a qual, devido sua proximidade, ser\u00e1 utilizada para amplia\u00e7\u00e3o do Cemit\u00e9rio Municipal Campo Santo dos Palmares a fim de atender a demanda da regi\u00e3o e contribuir para melhora de sua capacidade com a abertura de novas sepulturas, que obedecer\u00e1, para efeito de oportuno desmembramento e\/ou subsequente lavratura de ESCRITURA P\u00daBLICA DE DESAPROPRIA\u00c7\u00c3O, o levantamento topogr\u00e1fico planim\u00e9trico (planta) j\u00e1 procedido pela Prefeitura Municipal de Uni\u00e3o dos Palmares, respeitando os limites e confronta\u00e7\u00f5es nele inserido.<\/p>\n\n\n\n<p><strong>Art. 3\u00ba <\/strong>A desapropria\u00e7\u00e3o de que se trata o artigo 1\u00ba deste decreto expropriat\u00f3rio destina-se \u00e0 amplia\u00e7\u00e3o do Cemit\u00e9rio Municipal Campo Santo dos Palmares, mencionado no artigo 2\u00ba deste instrumento.<\/p>\n\n\n\n<p><strong>Art. 4\u00ba <\/strong>Para fins de imiss\u00e3o provis\u00f3ria na posse, a desapropria\u00e7\u00e3o em apre\u00e7o \u00e9 considerada de <strong>urg\u00eancia,<\/strong> nos termos do art. 15 e seu par\u00e1grafo 1\u00ba, do Decreto-Lei n\u00ba 3.365\/41.<\/p>\n\n\n\n<p><strong>Art. 5\u00ba <\/strong>Fica designado o Procurador Geral do Munic\u00edpio, Allan Belarmino Soares, para promover os atos que se fizerem necess\u00e1rios \u00e0 efetiva\u00e7\u00e3o expropriat\u00f3ria, inclusive os de assinar a Escritura P\u00fablica de Desapropria\u00e7\u00e3o Parcial, amig\u00e1vel ou judicialmente.<\/p>\n\n\n\n<p><strong>Art. 6\u00ba <\/strong>N\u00e3o havendo acordo quanto \u00e0 desapropria\u00e7\u00e3o amig\u00e1vel, no procedimento judicial a Municipalidade fica autorizada a invocar o car\u00e1ter de urg\u00eancia, para fins do disposto no art. 15 do Decreto-Lei Federal n\u00ba 3.365\/41.<\/p>\n\n\n\n<p><strong>Art. 7\u00ba <\/strong>As despesas decorrentes da execu\u00e7\u00e3o deste decreto correr\u00e3o por conta de dota\u00e7\u00f5es pr\u00f3prias constantes do or\u00e7amento do Munic\u00edpio, consignadas no or\u00e7amento de cada exerc\u00edcio.<\/p>\n\n\n\n<p><strong>Art. 8\u00ba <\/strong>Este decreto entra em vigor na data de sua publica\u00e7\u00e3o.<\/p>\n\n\n\n<p><\/p>\n\n\n\n<p>Uni\u00e3o dos Palmares, 8 de julho de 2025.<\/p>\n\n\n\n<p><\/p>\n\n\n\n<p><strong>JOS\u00c9 IRAN MENEZES DA SILVA JUNIOR<\/strong><\/p>\n\n\n\n<p>Prefeito<\/p>\n","protected":false},"excerpt":{"rendered":"<p>DECLARA DE UTILIDADE P\u00daBLICA, PARA FINS DE DESAPROPRIA\u00c7\u00c3O PARCIAL, AMIG\u00c1VEL OU JUDICIAL, O IM\u00d3VEL SITUADO NA RUA DA GRANJA NO CONJUNTO PADRE DONALD, DESTE MUNIC\u00cdPIO, PARA FINS DE AMPLIA\u00c7\u00c3O DO CEMIT\u00c9RIO MUNICIPAL CAMPO SANTO DOS PALMARES. O PREFEITO DE UNI\u00c3O DOS PALMARES, ALAGOAS, no uso da atribui\u00e7\u00e3o que lhe confere o art. 49, IV, da [&hellip;]<\/p>\n","protected":false},"author":2,"featured_media":0,"comment_status":"open","ping_status":"open","sticky":false,"template":"","format":"standard","meta":{"footnotes":""},"categories":[8],"tags":[],"class_list":["post-4118","post","type-post","status-publish","format-standard","hentry","category-decretos"],"_links":{"self":[{"href":"https:\/\/www.diariomunicipal-al.com.br\/uniao\/wp-json\/wp\/v2\/posts\/4118","targetHints":{"allow":["GET"]}}],"collection":[{"href":"https:\/\/www.diariomunicipal-al.com.br\/uniao\/wp-json\/wp\/v2\/posts"}],"about":[{"href":"https:\/\/www.diariomunicipal-al.com.br\/uniao\/wp-json\/wp\/v2\/types\/post"}],"author":[{"embeddable":true,"href":"https:\/\/www.diariomunicipal-al.com.br\/uniao\/wp-json\/wp\/v2\/users\/2"}],"replies":[{"embeddable":true,"href":"https:\/\/www.diariomunicipal-al.com.br\/uniao\/wp-json\/wp\/v2\/comments?post=4118"}],"version-history":[{"count":1,"href":"https:\/\/www.diariomunicipal-al.com.br\/uniao\/wp-json\/wp\/v2\/posts\/4118\/revisions"}],"predecessor-version":[{"id":4119,"href":"https:\/\/www.diariomunicipal-al.com.br\/uniao\/wp-json\/wp\/v2\/posts\/4118\/revisions\/4119"}],"wp:attachment":[{"href":"https:\/\/www.diariomunicipal-al.com.br\/uniao\/wp-json\/wp\/v2\/media?parent=4118"}],"wp:term":[{"taxonomy":"category","embeddable":true,"href":"https:\/\/www.diariomunicipal-al.com.br\/uniao\/wp-json\/wp\/v2\/categories?post=4118"},{"taxonomy":"post_tag","embeddable":true,"href":"https:\/\/www.diariomunicipal-al.com.br\/uniao\/wp-json\/wp\/v2\/tags?post=4118"}],"curies":[{"name":"wp","href":"https:\/\/api.w.org\/{rel}","templated":true}]}}