{"id":4136,"date":"2025-07-11T15:51:36","date_gmt":"2025-07-11T18:51:36","guid":{"rendered":"https:\/\/www.diariomunicipal-al.com.br\/uniao\/?p=4136"},"modified":"2025-07-11T15:51:37","modified_gmt":"2025-07-11T18:51:37","slug":"edital-de-chamamento-publico-n-001-2025-cmdcaup","status":"publish","type":"post","link":"https:\/\/www.diariomunicipal-al.com.br\/uniao\/edital-de-chamamento-publico-n-001-2025-cmdcaup\/","title":{"rendered":"EDITAL DE CHAMAMENTO P\u00daBLICO N\u00b0 001\/2025\/CMDCAUP"},"content":{"rendered":"\n<p>Sele\u00e7\u00e3o de proposta priorit\u00e1ria para a popula\u00e7\u00e3o infantojuvenil do Munic\u00edpio de Uni\u00e3o dos Palmares a ser inscrita\/indicada no Edital Fundo da Inf\u00e2ncia e da Adolesc\u00eancia, doravante denominado Edital FIA\/2025.<\/p>\n\n\n\n<div data-wp-interactive=\"core\/file\" class=\"wp-block-file\"><object data-wp-bind--hidden=\"!state.hasPdfPreview\" hidden class=\"wp-block-file__embed\" data=\"https:\/\/www.diariomunicipal-al.com.br\/uniao\/wp-content\/uploads\/2025\/07\/edital-de-chamamento-publico-CMDCAUP-2025.docx.pdf\" type=\"application\/pdf\" style=\"width:100%;height:600px\" aria-label=\"Incorporado de edital de chamamento publico - CMDCAUP - 2025.docx.\"><\/object><a id=\"wp-block-file--media-5d88cec9-9194-4161-95f2-121d5bc0acfd\" href=\"https:\/\/www.diariomunicipal-al.com.br\/uniao\/wp-content\/uploads\/2025\/07\/edital-de-chamamento-publico-CMDCAUP-2025.docx.pdf\">edital de chamamento publico &#8211; CMDCAUP &#8211; 2025.docx<\/a><a href=\"https:\/\/www.diariomunicipal-al.com.br\/uniao\/wp-content\/uploads\/2025\/07\/edital-de-chamamento-publico-CMDCAUP-2025.docx.pdf\" class=\"wp-block-file__button wp-element-button\" download aria-describedby=\"wp-block-file--media-5d88cec9-9194-4161-95f2-121d5bc0acfd\">Baixar<\/a><\/div>\n","protected":false},"excerpt":{"rendered":"<p>Sele\u00e7\u00e3o de proposta priorit\u00e1ria para a popula\u00e7\u00e3o infantojuvenil do Munic\u00edpio de Uni\u00e3o dos Palmares a ser inscrita\/indicada no Edital Fundo da Inf\u00e2ncia e da Adolesc\u00eancia, doravante denominado Edital FIA\/2025.<\/p>\n","protected":false},"author":2,"featured_media":0,"comment_status":"open","ping_status":"open","sticky":false,"template":"","format":"standard","meta":{"footnotes":""},"categories":[3],"tags":[],"class_list":["post-4136","post","type-post","status-publish","format-standard","hentry","category-edital"],"_links":{"self":[{"href":"https:\/\/www.diariomunicipal-al.com.br\/uniao\/wp-json\/wp\/v2\/posts\/4136","targetHints":{"allow":["GET"]}}],"collection":[{"href":"https:\/\/www.diariomunicipal-al.com.br\/uniao\/wp-json\/wp\/v2\/posts"}],"about":[{"href":"https:\/\/www.diariomunicipal-al.com.br\/uniao\/wp-json\/wp\/v2\/types\/post"}],"author":[{"embeddable":true,"href":"https:\/\/www.diariomunicipal-al.com.br\/uniao\/wp-json\/wp\/v2\/users\/2"}],"replies":[{"embeddable":true,"href":"https:\/\/www.diariomunicipal-al.com.br\/uniao\/wp-json\/wp\/v2\/comments?post=4136"}],"version-history":[{"count":1,"href":"https:\/\/www.diariomunicipal-al.com.br\/uniao\/wp-json\/wp\/v2\/posts\/4136\/revisions"}],"predecessor-version":[{"id":4138,"href":"https:\/\/www.diariomunicipal-al.com.br\/uniao\/wp-json\/wp\/v2\/posts\/4136\/revisions\/4138"}],"wp:attachment":[{"href":"https:\/\/www.diariomunicipal-al.com.br\/uniao\/wp-json\/wp\/v2\/media?parent=4136"}],"wp:term":[{"taxonomy":"category","embeddable":true,"href":"https:\/\/www.diariomunicipal-al.com.br\/uniao\/wp-json\/wp\/v2\/categories?post=4136"},{"taxonomy":"post_tag","embeddable":true,"href":"https:\/\/www.diariomunicipal-al.com.br\/uniao\/wp-json\/wp\/v2\/tags?post=4136"}],"curies":[{"name":"wp","href":"https:\/\/api.w.org\/{rel}","templated":true}]}}