{"id":4144,"date":"2025-07-16T15:54:42","date_gmt":"2025-07-16T18:54:42","guid":{"rendered":"https:\/\/www.diariomunicipal-al.com.br\/uniao\/?p=4144"},"modified":"2025-07-16T15:59:31","modified_gmt":"2025-07-16T18:59:31","slug":"portaria-n-143-de-16-de-julho-de-2025","status":"publish","type":"post","link":"https:\/\/www.diariomunicipal-al.com.br\/uniao\/portaria-n-143-de-16-de-julho-de-2025\/","title":{"rendered":"PORTARIA N\u00b0 143, DE 16 DE JULHO DE 2025."},"content":{"rendered":"\n<p>DISP\u00d5E SOBRE A EXONERA\u00c7\u00c3O DA SECRET\u00c1RIA DE INCLUS\u00c3O SOCIAL E IGUALDADE RACIAL.<\/p>\n\n\n\n<p><\/p>\n\n\n\n<p>O PREFEITO DE UNI\u00c3O DOS PALMARES, ALAGOAS, no uso da atribui\u00e7\u00e3o que lhe confere o art. 49, I, da Lei Org\u00e2nica Municipal;<\/p>\n\n\n\n<p><\/p>\n\n\n\n<p>RESOLVE:<\/p>\n\n\n\n<p><\/p>\n\n\n\n<p>Art. 1\u00ba Exonerar, a pedido, SAMIRES CANDIDO ULISSES, CPF n\u00ba 107.517.284-54, do cargo de Secret\u00e1ria Municipal de Inclus\u00e3o Social e Igualdade Racial.<\/p>\n\n\n\n<p>Art. 2\u00ba Esta portaria entra em vigor na data de sua publica\u00e7\u00e3o, revogada a Portaria n\u00ba 021\/2025 e demais disposi\u00e7\u00f5es em contr\u00e1rio.<\/p>\n\n\n\n<p><\/p>\n\n\n\n<p>Uni\u00e3o dos Palmares, 16 de julho de 2025.<\/p>\n\n\n\n<p><\/p>\n\n\n\n<p>JOS\u00c9 IRAN MENEZES DA SILVA JUNIOR<\/p>\n\n\n\n<p>Prefeito<\/p>\n","protected":false},"excerpt":{"rendered":"<p>DISP\u00d5E SOBRE A EXONERA\u00c7\u00c3O DA SECRET\u00c1RIA DE INCLUS\u00c3O SOCIAL E IGUALDADE RACIAL. O PREFEITO DE UNI\u00c3O DOS PALMARES, ALAGOAS, no uso da atribui\u00e7\u00e3o que lhe confere o art. 49, I, da Lei Org\u00e2nica Municipal; RESOLVE: Art. 1\u00ba Exonerar, a pedido, SAMIRES CANDIDO ULISSES, CPF n\u00ba 107.517.284-54, do cargo de Secret\u00e1ria Municipal de Inclus\u00e3o Social e [&hellip;]<\/p>\n","protected":false},"author":2,"featured_media":0,"comment_status":"open","ping_status":"open","sticky":false,"template":"","format":"standard","meta":{"footnotes":""},"categories":[6],"tags":[],"class_list":["post-4144","post","type-post","status-publish","format-standard","hentry","category-portarias"],"_links":{"self":[{"href":"https:\/\/www.diariomunicipal-al.com.br\/uniao\/wp-json\/wp\/v2\/posts\/4144","targetHints":{"allow":["GET"]}}],"collection":[{"href":"https:\/\/www.diariomunicipal-al.com.br\/uniao\/wp-json\/wp\/v2\/posts"}],"about":[{"href":"https:\/\/www.diariomunicipal-al.com.br\/uniao\/wp-json\/wp\/v2\/types\/post"}],"author":[{"embeddable":true,"href":"https:\/\/www.diariomunicipal-al.com.br\/uniao\/wp-json\/wp\/v2\/users\/2"}],"replies":[{"embeddable":true,"href":"https:\/\/www.diariomunicipal-al.com.br\/uniao\/wp-json\/wp\/v2\/comments?post=4144"}],"version-history":[{"count":2,"href":"https:\/\/www.diariomunicipal-al.com.br\/uniao\/wp-json\/wp\/v2\/posts\/4144\/revisions"}],"predecessor-version":[{"id":4147,"href":"https:\/\/www.diariomunicipal-al.com.br\/uniao\/wp-json\/wp\/v2\/posts\/4144\/revisions\/4147"}],"wp:attachment":[{"href":"https:\/\/www.diariomunicipal-al.com.br\/uniao\/wp-json\/wp\/v2\/media?parent=4144"}],"wp:term":[{"taxonomy":"category","embeddable":true,"href":"https:\/\/www.diariomunicipal-al.com.br\/uniao\/wp-json\/wp\/v2\/categories?post=4144"},{"taxonomy":"post_tag","embeddable":true,"href":"https:\/\/www.diariomunicipal-al.com.br\/uniao\/wp-json\/wp\/v2\/tags?post=4144"}],"curies":[{"name":"wp","href":"https:\/\/api.w.org\/{rel}","templated":true}]}}