{"id":4149,"date":"2025-07-10T17:04:58","date_gmt":"2025-07-10T20:04:58","guid":{"rendered":"https:\/\/www.diariomunicipal-al.com.br\/uniao\/?p=4149"},"modified":"2025-07-19T16:17:39","modified_gmt":"2025-07-19T19:17:39","slug":"aviso-de-procedimento-licitatorio","status":"publish","type":"post","link":"https:\/\/www.diariomunicipal-al.com.br\/uniao\/aviso-de-procedimento-licitatorio\/","title":{"rendered":"AVISO DE PROCEDIMENTO LICITAT\u00d3RIO"},"content":{"rendered":"\n<p>Tipo: Menor Pre\u00e7o<\/p>\n\n\n\n<p>Objeto: Abertura de processo administrativo para aquisi\u00e7\u00e3o de arm\u00e1rio em a\u00e7o com divis\u00f3rias para equipar a sede da Secretaria Municipal de Educa\u00e7\u00e3o do Munic\u00edpio de Uni\u00e3o dos<br>Palmares\/AL<\/p>\n\n\n\n<p><\/p>\n\n\n\n<p>JOCIARA ALVES FERREIRA<\/p>\n\n\n\n<p>Coordenador de Compras<\/p>\n\n\n\n<div data-wp-interactive=\"core\/file\" class=\"wp-block-file\"><object data-wp-bind--hidden=\"!state.hasPdfPreview\" hidden class=\"wp-block-file__embed\" data=\"https:\/\/www.diariomunicipal-al.com.br\/uniao\/wp-content\/uploads\/2025\/07\/PARA-PUBLICACAO-ARMARIO-EM-ACO-2025.pdf\" type=\"application\/pdf\" style=\"width:100%;height:600px\" aria-label=\"Incorporado de PARA PUBLICA\u00c7\u00c3O - ARMARIO EM A\u00c7O 2025.\"><\/object><a id=\"wp-block-file--media-30643fe1-2ff3-4757-94c0-4c4be512b62c\" href=\"https:\/\/www.diariomunicipal-al.com.br\/uniao\/wp-content\/uploads\/2025\/07\/PARA-PUBLICACAO-ARMARIO-EM-ACO-2025.pdf\">PARA PUBLICA\u00c7\u00c3O &#8211; ARMARIO EM A\u00c7O 2025<\/a><a href=\"https:\/\/www.diariomunicipal-al.com.br\/uniao\/wp-content\/uploads\/2025\/07\/PARA-PUBLICACAO-ARMARIO-EM-ACO-2025.pdf\" class=\"wp-block-file__button wp-element-button\" download aria-describedby=\"wp-block-file--media-30643fe1-2ff3-4757-94c0-4c4be512b62c\">Baixar<\/a><\/div>\n","protected":false},"excerpt":{"rendered":"<p>Tipo: Menor Pre\u00e7o Objeto: Abertura de processo administrativo para aquisi\u00e7\u00e3o de arm\u00e1rio em a\u00e7o com divis\u00f3rias para equipar a sede da Secretaria Municipal de Educa\u00e7\u00e3o do Munic\u00edpio de Uni\u00e3o dosPalmares\/AL JOCIARA ALVES FERREIRA Coordenador de Compras<\/p>\n","protected":false},"author":2,"featured_media":0,"comment_status":"open","ping_status":"open","sticky":false,"template":"","format":"standard","meta":{"footnotes":""},"categories":[1],"tags":[],"class_list":["post-4149","post","type-post","status-publish","format-standard","hentry","category-licitacoes"],"_links":{"self":[{"href":"https:\/\/www.diariomunicipal-al.com.br\/uniao\/wp-json\/wp\/v2\/posts\/4149","targetHints":{"allow":["GET"]}}],"collection":[{"href":"https:\/\/www.diariomunicipal-al.com.br\/uniao\/wp-json\/wp\/v2\/posts"}],"about":[{"href":"https:\/\/www.diariomunicipal-al.com.br\/uniao\/wp-json\/wp\/v2\/types\/post"}],"author":[{"embeddable":true,"href":"https:\/\/www.diariomunicipal-al.com.br\/uniao\/wp-json\/wp\/v2\/users\/2"}],"replies":[{"embeddable":true,"href":"https:\/\/www.diariomunicipal-al.com.br\/uniao\/wp-json\/wp\/v2\/comments?post=4149"}],"version-history":[{"count":2,"href":"https:\/\/www.diariomunicipal-al.com.br\/uniao\/wp-json\/wp\/v2\/posts\/4149\/revisions"}],"predecessor-version":[{"id":4186,"href":"https:\/\/www.diariomunicipal-al.com.br\/uniao\/wp-json\/wp\/v2\/posts\/4149\/revisions\/4186"}],"wp:attachment":[{"href":"https:\/\/www.diariomunicipal-al.com.br\/uniao\/wp-json\/wp\/v2\/media?parent=4149"}],"wp:term":[{"taxonomy":"category","embeddable":true,"href":"https:\/\/www.diariomunicipal-al.com.br\/uniao\/wp-json\/wp\/v2\/categories?post=4149"},{"taxonomy":"post_tag","embeddable":true,"href":"https:\/\/www.diariomunicipal-al.com.br\/uniao\/wp-json\/wp\/v2\/tags?post=4149"}],"curies":[{"name":"wp","href":"https:\/\/api.w.org\/{rel}","templated":true}]}}