{"id":4157,"date":"2025-07-16T17:25:00","date_gmt":"2025-07-16T20:25:00","guid":{"rendered":"https:\/\/www.diariomunicipal-al.com.br\/uniao\/?p=4157"},"modified":"2025-07-16T18:25:45","modified_gmt":"2025-07-16T21:25:45","slug":"portaria-no-144-de-16-de-julho-de-2025","status":"publish","type":"post","link":"https:\/\/www.diariomunicipal-al.com.br\/uniao\/portaria-no-144-de-16-de-julho-de-2025\/","title":{"rendered":"PORTARIA N\u00ba 144, DE 16 DE JULHO DE 2025."},"content":{"rendered":"\n<p>CONSTITUI COMISS\u00c3O DE PROCESSAMENTO ADMINISTRATIVO DE REGULARIZA\u00c7\u00c3O FUNDI\u00c1RIA \u2013 REURB EM UNI\u00c3O DOS PALMARES E D\u00c1 OUTRAS PROVID\u00caNCIAS.<\/p>\n\n\n\n<p><\/p>\n\n\n\n<p><strong>O PREFEITO DE UNI\u00c3O DOS PALMARES, ALAGOAS,<\/strong> no uso da atribui\u00e7\u00e3o que lhe confere a Lei Org\u00e2nica Municipal;<\/p>\n\n\n\n<p><strong>CONSIDERANDO<\/strong> que a Lei Municipal n\u00ba 1.386\/2019 estabelece normas complementares, crit\u00e9rios e procedimentos administrativos para aplica\u00e7\u00e3o da Lei Federal n\u00ba 13.465, de 11 de julho de 2017, que trata da Regulariza\u00e7\u00e3o Fundi\u00e1ria Urbana \u2013 REURB;<\/p>\n\n\n\n<p><strong>CONSIDERANDO<\/strong> o disposto no art. 24 da Lei Municipal n\u00ba 1.386\/2019, que determina a abertura de procedimento administrativo espec\u00edfico e a constitui\u00e7\u00e3o de equipe t\u00e9cnica respons\u00e1vel pela an\u00e1lise, processamento e, se for o caso, pela elabora\u00e7\u00e3o do projeto de regulariza\u00e7\u00e3o fundi\u00e1ria;<\/p>\n\n\n\n<p><strong>CONSIDERANDO<\/strong> a necessidade de assegurar a legalidade, a transpar\u00eancia e a efici\u00eancia dos procedimentos administrativos relacionados \u00e0 REURB no Munic\u00edpio de Uni\u00e3o dos Palmares;<\/p>\n\n\n\n<p><strong>CONSIDERANDO<\/strong> a import\u00e2ncia da regulariza\u00e7\u00e3o fundi\u00e1ria como instrumento de inclus\u00e3o social, ordenamento territorial e garantia do direito \u00e0 moradia digna;<\/p>\n\n\n\n<p><\/p>\n\n\n\n<p><strong>RESOLVE:<\/strong><\/p>\n\n\n\n<p><\/p>\n\n\n\n<p><strong>Art. 1\u00ba <\/strong>Constituir a <strong>COMISS\u00c3O DE PROCESSAMENTO ADMINISTRATIVO DE REGULARIZA\u00c7\u00c3O FUNDI\u00c1RIA \u2013 REURB<\/strong>.<\/p>\n\n\n\n<p><strong>Art. 2\u00ba <\/strong>A Comiss\u00e3o ser\u00e1 composta pelos seguintes membros:<\/p>\n\n\n\n<ol class=\"wp-block-list\">\n<li><strong>ANDERSON MATEUS VENTURA <\/strong>&#8211; Coordenador;<\/li>\n\n\n\n<li><strong>PEDRO LUCAS BARROS MARQUES <\/strong>&#8211;<strong> <\/strong>Membro.<\/li>\n\n\n\n<li><strong>THALLES ROBERTO ROCHA EMERY <\/strong>&#8211; Membro.<\/li>\n<\/ol>\n\n\n\n<p><strong>Art. 3\u00ba <\/strong>A Comiss\u00e3o poder\u00e1 solicitar apoio t\u00e9cnico e operacional de outros \u00f3rg\u00e3os municipais, bem como de entidades estaduais e federais, se necess\u00e1rio.<\/p>\n\n\n\n<p><strong>Art. 4\u00ba <\/strong>Esta portaria entra em vigor na data de sua publica\u00e7\u00e3o.<\/p>\n\n\n\n<p><\/p>\n\n\n\n<p>Uni\u00e3o dos Palmares, 16 de julho de 2025.<\/p>\n\n\n\n<p><\/p>\n\n\n\n<p><strong>JOS\u00c9 IRAN MENEZES DA SILVA JUNIOR<\/strong><\/p>\n\n\n\n<p>Prefeito<\/p>\n","protected":false},"excerpt":{"rendered":"<p>CONSTITUI COMISS\u00c3O DE PROCESSAMENTO ADMINISTRATIVO DE REGULARIZA\u00c7\u00c3O FUNDI\u00c1RIA \u2013 REURB EM UNI\u00c3O DOS PALMARES E D\u00c1 OUTRAS PROVID\u00caNCIAS. O PREFEITO DE UNI\u00c3O DOS PALMARES, ALAGOAS, no uso da atribui\u00e7\u00e3o que lhe confere a Lei Org\u00e2nica Municipal; CONSIDERANDO que a Lei Municipal n\u00ba 1.386\/2019 estabelece normas complementares, crit\u00e9rios e procedimentos administrativos para aplica\u00e7\u00e3o da Lei Federal [&hellip;]<\/p>\n","protected":false},"author":2,"featured_media":0,"comment_status":"open","ping_status":"open","sticky":false,"template":"","format":"standard","meta":{"footnotes":""},"categories":[6],"tags":[],"class_list":["post-4157","post","type-post","status-publish","format-standard","hentry","category-portarias"],"_links":{"self":[{"href":"https:\/\/www.diariomunicipal-al.com.br\/uniao\/wp-json\/wp\/v2\/posts\/4157","targetHints":{"allow":["GET"]}}],"collection":[{"href":"https:\/\/www.diariomunicipal-al.com.br\/uniao\/wp-json\/wp\/v2\/posts"}],"about":[{"href":"https:\/\/www.diariomunicipal-al.com.br\/uniao\/wp-json\/wp\/v2\/types\/post"}],"author":[{"embeddable":true,"href":"https:\/\/www.diariomunicipal-al.com.br\/uniao\/wp-json\/wp\/v2\/users\/2"}],"replies":[{"embeddable":true,"href":"https:\/\/www.diariomunicipal-al.com.br\/uniao\/wp-json\/wp\/v2\/comments?post=4157"}],"version-history":[{"count":1,"href":"https:\/\/www.diariomunicipal-al.com.br\/uniao\/wp-json\/wp\/v2\/posts\/4157\/revisions"}],"predecessor-version":[{"id":4158,"href":"https:\/\/www.diariomunicipal-al.com.br\/uniao\/wp-json\/wp\/v2\/posts\/4157\/revisions\/4158"}],"wp:attachment":[{"href":"https:\/\/www.diariomunicipal-al.com.br\/uniao\/wp-json\/wp\/v2\/media?parent=4157"}],"wp:term":[{"taxonomy":"category","embeddable":true,"href":"https:\/\/www.diariomunicipal-al.com.br\/uniao\/wp-json\/wp\/v2\/categories?post=4157"},{"taxonomy":"post_tag","embeddable":true,"href":"https:\/\/www.diariomunicipal-al.com.br\/uniao\/wp-json\/wp\/v2\/tags?post=4157"}],"curies":[{"name":"wp","href":"https:\/\/api.w.org\/{rel}","templated":true}]}}