{"id":4179,"date":"2025-07-16T13:33:00","date_gmt":"2025-07-16T16:33:00","guid":{"rendered":"https:\/\/www.diariomunicipal-al.com.br\/uniao\/?p=4179"},"modified":"2025-07-18T13:36:27","modified_gmt":"2025-07-18T16:36:27","slug":"portaria-n-142-de-16-de-julho-de-2025","status":"publish","type":"post","link":"https:\/\/www.diariomunicipal-al.com.br\/uniao\/portaria-n-142-de-16-de-julho-de-2025\/","title":{"rendered":"PORTARIA N\u00b0 142, DE 16 DE JULHO DE 2025."},"content":{"rendered":"\n<p>DISP\u00d5E SOBRE NOMEA\u00c7\u00c3O DE    ASSESSORA NA SECRETARIA GERAL DE ADMINISTRA\u00c7\u00c3O.<\/p>\n\n\n\n<p><\/p>\n\n\n\n<p>O PREFEITO DE UNI\u00c3O DOS PALMARES, ALAGOAS, no uso da atribui\u00e7\u00e3o que lhe confere o art. 49 da Lei Org\u00e2nica Municipal;<\/p>\n\n\n\n<p><\/p>\n\n\n\n<p>RESOLVE:<\/p>\n\n\n\n<p><\/p>\n\n\n\n<p>Art. 1\u00ba Nomear ANNA BEATRIZ MARQUES DE MELO, CPF n\u00ba 073.250.194-67, para exercer o cargo de Assessora na Secretaria Municipal Geral de Administra\u00e7\u00e3o &#8211; CCIX.<\/p>\n\n\n\n<p>Art. 2\u00ba Esta portaria entra em vigor na data de sua publica\u00e7\u00e3o, revogadas as disposi\u00e7\u00f5es em contr\u00e1rio.<\/p>\n\n\n\n<p><\/p>\n\n\n\n<p>Uni\u00e3o dos Palmares, 16 de julho de 2025.<\/p>\n\n\n\n<p><\/p>\n\n\n\n<p>JOS\u00c9 IRAN MENEZES DA SILVA JUNIOR<\/p>\n\n\n\n<p>Prefeito<\/p>\n\n\n\n<p><\/p>\n","protected":false},"excerpt":{"rendered":"<p>DISP\u00d5E SOBRE NOMEA\u00c7\u00c3O DE ASSESSORA NA SECRETARIA GERAL DE ADMINISTRA\u00c7\u00c3O. O PREFEITO DE UNI\u00c3O DOS PALMARES, ALAGOAS, no uso da atribui\u00e7\u00e3o que lhe confere o art. 49 da Lei Org\u00e2nica Municipal; RESOLVE: Art. 1\u00ba Nomear ANNA BEATRIZ MARQUES DE MELO, CPF n\u00ba 073.250.194-67, para exercer o cargo de Assessora na Secretaria Municipal Geral de Administra\u00e7\u00e3o [&hellip;]<\/p>\n","protected":false},"author":2,"featured_media":0,"comment_status":"open","ping_status":"open","sticky":false,"template":"","format":"standard","meta":{"footnotes":""},"categories":[6],"tags":[],"class_list":["post-4179","post","type-post","status-publish","format-standard","hentry","category-portarias"],"_links":{"self":[{"href":"https:\/\/www.diariomunicipal-al.com.br\/uniao\/wp-json\/wp\/v2\/posts\/4179","targetHints":{"allow":["GET"]}}],"collection":[{"href":"https:\/\/www.diariomunicipal-al.com.br\/uniao\/wp-json\/wp\/v2\/posts"}],"about":[{"href":"https:\/\/www.diariomunicipal-al.com.br\/uniao\/wp-json\/wp\/v2\/types\/post"}],"author":[{"embeddable":true,"href":"https:\/\/www.diariomunicipal-al.com.br\/uniao\/wp-json\/wp\/v2\/users\/2"}],"replies":[{"embeddable":true,"href":"https:\/\/www.diariomunicipal-al.com.br\/uniao\/wp-json\/wp\/v2\/comments?post=4179"}],"version-history":[{"count":1,"href":"https:\/\/www.diariomunicipal-al.com.br\/uniao\/wp-json\/wp\/v2\/posts\/4179\/revisions"}],"predecessor-version":[{"id":4180,"href":"https:\/\/www.diariomunicipal-al.com.br\/uniao\/wp-json\/wp\/v2\/posts\/4179\/revisions\/4180"}],"wp:attachment":[{"href":"https:\/\/www.diariomunicipal-al.com.br\/uniao\/wp-json\/wp\/v2\/media?parent=4179"}],"wp:term":[{"taxonomy":"category","embeddable":true,"href":"https:\/\/www.diariomunicipal-al.com.br\/uniao\/wp-json\/wp\/v2\/categories?post=4179"},{"taxonomy":"post_tag","embeddable":true,"href":"https:\/\/www.diariomunicipal-al.com.br\/uniao\/wp-json\/wp\/v2\/tags?post=4179"}],"curies":[{"name":"wp","href":"https:\/\/api.w.org\/{rel}","templated":true}]}}