{"id":4271,"date":"2025-08-07T17:36:40","date_gmt":"2025-08-07T20:36:40","guid":{"rendered":"https:\/\/www.diariomunicipal-al.com.br\/uniao\/?p=4271"},"modified":"2025-08-18T09:52:04","modified_gmt":"2025-08-18T12:52:04","slug":"convocacao-1a-reuniao-ordinaria-do-conselhor-gestor-do-pmppp-upano-2025","status":"publish","type":"post","link":"https:\/\/www.diariomunicipal-al.com.br\/uniao\/convocacao-1a-reuniao-ordinaria-do-conselhor-gestor-do-pmppp-upano-2025\/","title":{"rendered":"CONVOCA\u00c7\u00c3O &#8211; 1\u00aa REUNI\u00c3O ORDIN\u00c1RIA DO CONSELHOR GESTOR DO PMPPP\/UP, ANO 2025."},"content":{"rendered":"\n<p><\/p>\n\n\n\n<p>O Presidente, conforme o Decreto Municipal n\u00b0 051, de 29 de julho de 2025, CONVOCA os membros do Conselho Gestor do Programa Municipal de Parcerias P\u00fablico-Privadas de Uni\u00e3o dos Palmares &#8211; CG\/ PMPPP\/UP, para a realiza\u00e7\u00e3o da 1\u00aa Reuni\u00e3o Ordin\u00e1ria do Conselho, a se realizar no dia 12 de agosto de 2025, \u00e0s 14h, na Sala de Reuni\u00f5es da Prefeitura Municipal de Uni\u00e3o dos Palmares (Rua Mal. Deodoro da Fonseca, s\/n), com a seguinte pauta:<br>1) Instala\u00e7\u00e3o do Conselho Gestor e aprova\u00e7\u00e3o dos estudos da PPP de Cidade Inteligente.<\/p>\n\n\n\n<p class=\"has-text-align-center\"><br>JOS\u00c9 IRAN MENEZES DA SILVA JUNIOR<br>Prefeito<br>Presidente do Conselho Gestor do PMPPP\/UP<\/p>\n","protected":false},"excerpt":{"rendered":"<p>O Presidente, conforme o Decreto Municipal n\u00b0 051, de 29 de julho de 2025, CONVOCA os membros do Conselho Gestor do Programa Municipal de Parcerias P\u00fablico-Privadas de Uni\u00e3o dos Palmares &#8211; CG\/ PMPPP\/UP, para a realiza\u00e7\u00e3o da 1\u00aa Reuni\u00e3o Ordin\u00e1ria do Conselho, a se realizar no dia 12 de agosto de 2025, \u00e0s 14h, na [&hellip;]<\/p>\n","protected":false},"author":2,"featured_media":0,"comment_status":"open","ping_status":"open","sticky":false,"template":"","format":"standard","meta":{"footnotes":""},"categories":[5],"tags":[],"class_list":["post-4271","post","type-post","status-publish","format-standard","hentry","category-outros"],"_links":{"self":[{"href":"https:\/\/www.diariomunicipal-al.com.br\/uniao\/wp-json\/wp\/v2\/posts\/4271","targetHints":{"allow":["GET"]}}],"collection":[{"href":"https:\/\/www.diariomunicipal-al.com.br\/uniao\/wp-json\/wp\/v2\/posts"}],"about":[{"href":"https:\/\/www.diariomunicipal-al.com.br\/uniao\/wp-json\/wp\/v2\/types\/post"}],"author":[{"embeddable":true,"href":"https:\/\/www.diariomunicipal-al.com.br\/uniao\/wp-json\/wp\/v2\/users\/2"}],"replies":[{"embeddable":true,"href":"https:\/\/www.diariomunicipal-al.com.br\/uniao\/wp-json\/wp\/v2\/comments?post=4271"}],"version-history":[{"count":5,"href":"https:\/\/www.diariomunicipal-al.com.br\/uniao\/wp-json\/wp\/v2\/posts\/4271\/revisions"}],"predecessor-version":[{"id":4400,"href":"https:\/\/www.diariomunicipal-al.com.br\/uniao\/wp-json\/wp\/v2\/posts\/4271\/revisions\/4400"}],"wp:attachment":[{"href":"https:\/\/www.diariomunicipal-al.com.br\/uniao\/wp-json\/wp\/v2\/media?parent=4271"}],"wp:term":[{"taxonomy":"category","embeddable":true,"href":"https:\/\/www.diariomunicipal-al.com.br\/uniao\/wp-json\/wp\/v2\/categories?post=4271"},{"taxonomy":"post_tag","embeddable":true,"href":"https:\/\/www.diariomunicipal-al.com.br\/uniao\/wp-json\/wp\/v2\/tags?post=4271"}],"curies":[{"name":"wp","href":"https:\/\/api.w.org\/{rel}","templated":true}]}}