{"id":4283,"date":"2025-08-08T09:16:20","date_gmt":"2025-08-08T12:16:20","guid":{"rendered":"https:\/\/www.diariomunicipal-al.com.br\/uniao\/?p=4283"},"modified":"2025-08-14T11:37:02","modified_gmt":"2025-08-14T14:37:02","slug":"extrato-da-portaria-no-133-2025","status":"publish","type":"post","link":"https:\/\/www.diariomunicipal-al.com.br\/uniao\/extrato-da-portaria-no-133-2025\/","title":{"rendered":"EXTRATO DA PORTARIA N\u00ba 133\/2025."},"content":{"rendered":"\n<p><strong>O PREFEITO DE UNI\u00c3O DOS PALMARES, ALAGOAS,<\/strong> no uso da atribui\u00e7\u00e3o que lhe confere a Lei Org\u00e2nica Municipal e a Lei Municipal n\u00ba 1.072\/2006, nos termos do Processo Administrativo n\u00ba 1021070300092025;<\/p>\n\n\n\n<p><strong>RESOLVE:<\/strong><\/p>\n\n\n\n<p><strong>Art. 1\u00ba <\/strong>Instaurar Processo Administrativo Disciplinar &#8211; PAD em face de <strong>MARIA ANT\u00d4NIA ANDRADE SILVA,<\/strong> CPF n\u00ba <strong>&#8212;&#8211;<\/strong>, mat. <strong>&#8212;&#8211;<\/strong>, lotada na Secretaria Municipal de Educa\u00e7\u00e3o.<\/p>\n\n\n\n<p><strong>Art. 2\u00ba <\/strong>[&#8230;]<\/p>\n\n\n\n<p><strong>Art. 3\u00ba <\/strong>Esta portaria entra em vigor na data de sua publica\u00e7\u00e3o.<\/p>\n\n\n\n<p><\/p>\n\n\n\n<p>Uni\u00e3o dos Palmares, 7 de julho de 2025.<\/p>\n\n\n\n<p><\/p>\n\n\n\n<p><strong>JOS\u00c9 IRAN MENEZES DA SILVA JUNIOR<\/strong><\/p>\n\n\n\n<p>Prefeito<\/p>\n","protected":false},"excerpt":{"rendered":"<p>O PREFEITO DE UNI\u00c3O DOS PALMARES, ALAGOAS, no uso da atribui\u00e7\u00e3o que lhe confere a Lei Org\u00e2nica Municipal e a Lei Municipal n\u00ba 1.072\/2006, nos termos do Processo Administrativo n\u00ba 1021070300092025; RESOLVE: Art. 1\u00ba Instaurar Processo Administrativo Disciplinar &#8211; PAD em face de MARIA ANT\u00d4NIA ANDRADE SILVA, CPF n\u00ba &#8212;&#8211;, mat. &#8212;&#8211;, lotada na Secretaria [&hellip;]<\/p>\n","protected":false},"author":2,"featured_media":0,"comment_status":"open","ping_status":"open","sticky":false,"template":"","format":"standard","meta":{"footnotes":""},"categories":[6],"tags":[],"class_list":["post-4283","post","type-post","status-publish","format-standard","hentry","category-portarias"],"_links":{"self":[{"href":"https:\/\/www.diariomunicipal-al.com.br\/uniao\/wp-json\/wp\/v2\/posts\/4283","targetHints":{"allow":["GET"]}}],"collection":[{"href":"https:\/\/www.diariomunicipal-al.com.br\/uniao\/wp-json\/wp\/v2\/posts"}],"about":[{"href":"https:\/\/www.diariomunicipal-al.com.br\/uniao\/wp-json\/wp\/v2\/types\/post"}],"author":[{"embeddable":true,"href":"https:\/\/www.diariomunicipal-al.com.br\/uniao\/wp-json\/wp\/v2\/users\/2"}],"replies":[{"embeddable":true,"href":"https:\/\/www.diariomunicipal-al.com.br\/uniao\/wp-json\/wp\/v2\/comments?post=4283"}],"version-history":[{"count":1,"href":"https:\/\/www.diariomunicipal-al.com.br\/uniao\/wp-json\/wp\/v2\/posts\/4283\/revisions"}],"predecessor-version":[{"id":4284,"href":"https:\/\/www.diariomunicipal-al.com.br\/uniao\/wp-json\/wp\/v2\/posts\/4283\/revisions\/4284"}],"wp:attachment":[{"href":"https:\/\/www.diariomunicipal-al.com.br\/uniao\/wp-json\/wp\/v2\/media?parent=4283"}],"wp:term":[{"taxonomy":"category","embeddable":true,"href":"https:\/\/www.diariomunicipal-al.com.br\/uniao\/wp-json\/wp\/v2\/categories?post=4283"},{"taxonomy":"post_tag","embeddable":true,"href":"https:\/\/www.diariomunicipal-al.com.br\/uniao\/wp-json\/wp\/v2\/tags?post=4283"}],"curies":[{"name":"wp","href":"https:\/\/api.w.org\/{rel}","templated":true}]}}