{"id":4311,"date":"2025-08-11T15:29:00","date_gmt":"2025-08-11T18:29:00","guid":{"rendered":"https:\/\/www.diariomunicipal-al.com.br\/uniao\/?p=4311"},"modified":"2025-08-12T08:42:35","modified_gmt":"2025-08-12T11:42:35","slug":"edital-de-convocacao-de-audiencia-publica-elaboracao-do-plano-plurianual-ppa-de-2026-2029","status":"publish","type":"post","link":"https:\/\/www.diariomunicipal-al.com.br\/uniao\/edital-de-convocacao-de-audiencia-publica-elaboracao-do-plano-plurianual-ppa-de-2026-2029\/","title":{"rendered":"EDITAL DE CONVOCA\u00c7\u00c3O DE AUDI\u00caNCIA P\u00daBLICA ELABORA\u00c7\u00c3O DO PLANO PLURIANUAL &#8211; PPA DE 2026-2029."},"content":{"rendered":"\t\t<div data-elementor-type=\"wp-post\" data-elementor-id=\"4311\" class=\"elementor elementor-4311\">\n\t\t\t\t<div class=\"elementor-element elementor-element-ad4f48d e-flex e-con-boxed e-con e-parent\" data-id=\"ad4f48d\" data-element_type=\"container\" data-e-type=\"container\">\n\t\t\t\t\t<div class=\"e-con-inner\">\n\t\t\t\t<div class=\"elementor-element elementor-element-4b50dd2c elementor-widget elementor-widget-text-editor\" data-id=\"4b50dd2c\" data-element_type=\"widget\" data-e-type=\"widget\" data-widget_type=\"text-editor.default\">\n\t\t\t\t<div class=\"elementor-widget-container\">\n\t\t\t\t\t\t\t\t\t\n<p>EDITAL DE CONVOCA\u00c7\u00c3O DE AUDI\u00caNCIA P\u00daBLICA ELABORA\u00c7\u00c3O DO PLANO PLURIANUAL &#8211; PPA DE 2026-2029.<\/p>\n\n<p>A Prefeitura Municipal de Uni\u00e3o dos Palmares\/AL, por meio do Gabinete do Prefeito Municipal, em cumprimento ao disposto no art. 48, par\u00e1grafo \u00fanico, da Lei Complementar n\u00b0 101\/2000 (Lei de Responsabilidade Fiscal &#8211; LRF), que assegura a transpar\u00eancia da gest\u00e3o fiscal mediante a realiza\u00e7\u00e3o de audi\u00eancia p\u00fablica, CONVIDA toda a popula\u00e7\u00e3o, entidades civis organizadas, associa\u00e7\u00f5es comunit\u00e1rias, conselhos municipais, servidores p\u00fablicos, representantes da sociedade civil e demais interessados a participarem da Audi\u00eancia P\u00fablica para apresenta\u00e7\u00e3o e discuss\u00e3o da elabora\u00e7\u00e3o do Plano Plurianual &#8211; PPA 2026-2029, que ser\u00e1 realizada conforme segue:<br \/><strong>Data:<\/strong> 19\/08\/2025<br \/><strong>Hor\u00e1rio:<\/strong> 9:30h<br \/><strong>Local:<\/strong> C\u00e2mara Municipal de Vereadores de Uni\u00e3o dos Palmares<br \/><strong>Objetivo:<br \/><\/strong>A audi\u00eancia p\u00fablica tem como finalidade apresentar \u00e0 popula\u00e7\u00e3o o processo de elabora\u00e7\u00e3o do Plano Plurianual (PPA) 2026-2029, bem como acolher sugest\u00f5es, propostas e prioridades da comunidade para o desenvolvimento social, econ\u00f4mico, ambiental e estrutural do Munic\u00edpio de Uni\u00e3o dos Palmares para os pr\u00f3ximos quatro anos.<br \/>A participa\u00e7\u00e3o popular \u00e9 essencial para garantir a transpar\u00eancia dos atos administrativos, o controle social e a constru\u00e7\u00e3o democr\u00e1tica das pol\u00edticas p\u00fablicas, fortalecendo a gest\u00e3o participativa e a aplica\u00e7\u00e3o eficiente dos recursos p\u00fablicos.<\/p>\n\n<p class=\"has-text-align-right\">Uni\u00e3o dos Palmares, Alagoas, 11 de agosto de 2025.<\/p>\n\n<p>\u00a0<\/p>\n\n<p class=\"has-text-align-center\">JOS\u00c9 IRAN MENEZES DA SILVA JUNIOR<br \/>Prefeito<\/p>\n\n<p>\u00a0<\/p>\n\t\t\t\t\t\t\t\t<\/div>\n\t\t\t\t<\/div>\n\t\t\t\t\t<\/div>\n\t\t\t\t<\/div>\n\t\t<div class=\"elementor-element elementor-element-dc90d91 e-flex e-con-boxed e-con e-parent\" data-id=\"dc90d91\" data-element_type=\"container\" data-e-type=\"container\">\n\t\t\t\t\t<div class=\"e-con-inner\">\n\t\t\t\t<div class=\"elementor-element elementor-element-de3916b elementor-widget elementor-widget-text-editor\" data-id=\"de3916b\" data-element_type=\"widget\" data-e-type=\"widget\" data-widget_type=\"text-editor.default\">\n\t\t\t\t<div class=\"elementor-widget-container\">\n\t\t\t\t\t\t\t\t\t<p><a href=\"https:\/\/www.diariomunicipal-al.com.br\/uniao\/wp-content\/uploads\/2025\/08\/EDITAL-DE-CONVOCACAO-DE-AUDIENCIA-PUBLICA_PPA.pdf\"><strong>EDITAL DE CONVOCA\u00c7\u00c3O DE AUDI\u00caNCIA P\u00daBLICA_PPA.PDF<\/strong><\/a><\/p>\t\t\t\t\t\t\t\t<\/div>\n\t\t\t\t<\/div>\n\t\t\t\t\t<\/div>\n\t\t\t\t<\/div>\n\t\t\t\t<\/div>\n\t\t","protected":false},"excerpt":{"rendered":"<p>EDITAL DE CONVOCA\u00c7\u00c3O DE AUDI\u00caNCIA P\u00daBLICA ELABORA\u00c7\u00c3O DO PLANO PLURIANUAL &#8211; PPA DE 2026-2029. A Prefeitura Municipal de Uni\u00e3o dos Palmares\/AL, por meio do Gabinete do Prefeito Municipal, em cumprimento ao disposto no art. 48, par\u00e1grafo \u00fanico, da Lei Complementar n\u00b0 101\/2000 (Lei de Responsabilidade Fiscal &#8211; LRF), que assegura a transpar\u00eancia da gest\u00e3o fiscal [&hellip;]<\/p>\n","protected":false},"author":2,"featured_media":0,"comment_status":"open","ping_status":"open","sticky":false,"template":"","format":"standard","meta":{"footnotes":""},"categories":[3],"tags":[],"class_list":["post-4311","post","type-post","status-publish","format-standard","hentry","category-edital"],"_links":{"self":[{"href":"https:\/\/www.diariomunicipal-al.com.br\/uniao\/wp-json\/wp\/v2\/posts\/4311","targetHints":{"allow":["GET"]}}],"collection":[{"href":"https:\/\/www.diariomunicipal-al.com.br\/uniao\/wp-json\/wp\/v2\/posts"}],"about":[{"href":"https:\/\/www.diariomunicipal-al.com.br\/uniao\/wp-json\/wp\/v2\/types\/post"}],"author":[{"embeddable":true,"href":"https:\/\/www.diariomunicipal-al.com.br\/uniao\/wp-json\/wp\/v2\/users\/2"}],"replies":[{"embeddable":true,"href":"https:\/\/www.diariomunicipal-al.com.br\/uniao\/wp-json\/wp\/v2\/comments?post=4311"}],"version-history":[{"count":14,"href":"https:\/\/www.diariomunicipal-al.com.br\/uniao\/wp-json\/wp\/v2\/posts\/4311\/revisions"}],"predecessor-version":[{"id":4329,"href":"https:\/\/www.diariomunicipal-al.com.br\/uniao\/wp-json\/wp\/v2\/posts\/4311\/revisions\/4329"}],"wp:attachment":[{"href":"https:\/\/www.diariomunicipal-al.com.br\/uniao\/wp-json\/wp\/v2\/media?parent=4311"}],"wp:term":[{"taxonomy":"category","embeddable":true,"href":"https:\/\/www.diariomunicipal-al.com.br\/uniao\/wp-json\/wp\/v2\/categories?post=4311"},{"taxonomy":"post_tag","embeddable":true,"href":"https:\/\/www.diariomunicipal-al.com.br\/uniao\/wp-json\/wp\/v2\/tags?post=4311"}],"curies":[{"name":"wp","href":"https:\/\/api.w.org\/{rel}","templated":true}]}}