{"id":4349,"date":"2025-08-13T07:28:58","date_gmt":"2025-08-13T10:28:58","guid":{"rendered":"https:\/\/www.diariomunicipal-al.com.br\/uniao\/?p=4349"},"modified":"2025-08-14T07:31:12","modified_gmt":"2025-08-14T10:31:12","slug":"lei-municipal-n-1-644-de-12-de-agosto-de-2025","status":"publish","type":"post","link":"https:\/\/www.diariomunicipal-al.com.br\/uniao\/lei-municipal-n-1-644-de-12-de-agosto-de-2025\/","title":{"rendered":"LEI MUNICIPAL N\u00b0 1.644, DE 12 DE AGOSTO DE 2025."},"content":{"rendered":"\n<p>DISP\u00d5E SOBRE A DESIGNA\u00c7\u00c3O DE SERVIDORES P\u00daBLICOS PARA ATUAREM COMO AGENTE DE CONTRATA\u00c7\u00c3O NA CONDU\u00c7\u00c3O DAS LICITA\u00c7\u00d5ES DO MUNIC\u00cdPIO DE UNI\u00c3O DOS PALMARES.<\/p>\n\n\n\n<p><\/p>\n\n\n\n<p>O PREFEITO DE UNI\u00c3O DOS PALMARES, ALAGOAS, no uso das atribui\u00e7\u00f5es que lhe s\u00e3o conferidas por lei, faz saber que a C\u00e2mara Municipal decretou e eu sanciono a seguinte lei:<\/p>\n\n\n\n<p><\/p>\n\n\n\n<p>Art. 1\u00ba O agente de contrata\u00e7\u00e3o previsto no art. 8\u00ba, da Lei Federal n\u00ba 14.133\/2021, ser\u00e1 designado pelo Chefe do Poder Executivo Municipal entre agentes p\u00fablicos que sejam, preferencialmente, servidores efetivos ou empregados p\u00fablicos dos quadros permanentes da Administra\u00e7\u00e3o P\u00fablica.<\/p>\n\n\n\n<p>\u00a7 1\u00ba Ser\u00e1 admitida, no \u00e2mbito da administra\u00e7\u00e3o p\u00fablica municipal, a designa\u00e7\u00e3o de servidor p\u00fablico ocupante de cargo comissionado para o desempenho da fun\u00e7\u00e3o de que trata o caput.<\/p>\n\n\n\n<p>\u00a7 2\u00ba A designa\u00e7\u00e3o nos termos do \u00a71\u00ba estar\u00e1 condicionada \u00e0 demonstra\u00e7\u00e3o de indisponibilidade de servidores efetivos no quadro da administra\u00e7\u00e3o p\u00fablica municipal para atuar como agente de contrata\u00e7\u00e3o.<\/p>\n\n\n\n<p>Art. 2\u00ba As atribui\u00e7\u00f5es do agente de contrata\u00e7\u00e3o ser\u00e3o disciplinadas em decreto regulamentar.<\/p>\n\n\n\n<p>Art. 3\u00ba Os agentes p\u00fablicos designados para o cumprimento do disposto nesta lei, dever\u00e3o preencher os seguintes requisitos:<\/p>\n\n\n\n<p>I &#8211; tenham atribui\u00e7\u00f5es relacionadas a licita\u00e7\u00f5es e contratos ou possuam forma\u00e7\u00e3o compat\u00edvel ou qualifica\u00e7\u00e3o atestada por certifica\u00e7\u00e3o profissional emitida por escola de governo criada e mantida pelo poder p\u00fablico; e<\/p>\n\n\n\n<p>II &#8211; n\u00e3o sejam c\u00f4njuge ou companheiro de licitantes ou contratados habituais da Administra\u00e7\u00e3o nem tenham com eles v\u00ednculo de parentesco, colateral ou por afinidade, at\u00e9 o terceiro grau, ou de natureza t\u00e9cnica, comercial, financeira, trabalhista e civil.<\/p>\n\n\n\n<p>Art. 4\u00ba Para fins de licita\u00e7\u00e3o na modalidade preg\u00e3o, os servidores que atuem na fun\u00e7\u00e3o de agente de contra\u00e7\u00e3o ser\u00e3o designados pregoeiros.<\/p>\n\n\n\n<p>Art. 5\u00ba Fica vedada a designa\u00e7\u00e3o do mesmo agente p\u00fablico para atua\u00e7\u00e3o simult\u00e2nea em fun\u00e7\u00f5es mais suscet\u00edveis a riscos, em observ\u00e2ncia ao princ\u00edpio da segrega\u00e7\u00e3o de fun\u00e7\u00f5es, de modo a reduzir a possibilidade de oculta\u00e7\u00e3o de erros e de ocorr\u00eancia de fraudes na respectiva contrata\u00e7\u00e3o.<\/p>\n\n\n\n<p>Art. 6\u00ba Esta Lei entrar\u00e1 em vigor na data de sua publica\u00e7\u00e3o, revogadas as disposi\u00e7\u00f5es em contr\u00e1rio.<\/p>\n\n\n\n<p><\/p>\n\n\n\n<p>Uni\u00e3o dos Palmares, Alagoas, em 12 de agosto de 2025.<\/p>\n\n\n\n<p><\/p>\n\n\n\n<p>JOS\u00c9 IRAN MENEZES DA SILVA JUNIOR<\/p>\n\n\n\n<p>Prefeito<\/p>\n\n\n\n<p><\/p>\n","protected":false},"excerpt":{"rendered":"<p>DISP\u00d5E SOBRE A DESIGNA\u00c7\u00c3O DE SERVIDORES P\u00daBLICOS PARA ATUAREM COMO AGENTE DE CONTRATA\u00c7\u00c3O NA CONDU\u00c7\u00c3O DAS LICITA\u00c7\u00d5ES DO MUNIC\u00cdPIO DE UNI\u00c3O DOS PALMARES. O PREFEITO DE UNI\u00c3O DOS PALMARES, ALAGOAS, no uso das atribui\u00e7\u00f5es que lhe s\u00e3o conferidas por lei, faz saber que a C\u00e2mara Municipal decretou e eu sanciono a seguinte lei: Art. 1\u00ba [&hellip;]<\/p>\n","protected":false},"author":2,"featured_media":0,"comment_status":"open","ping_status":"open","sticky":false,"template":"","format":"standard","meta":{"footnotes":""},"categories":[2],"tags":[],"class_list":["post-4349","post","type-post","status-publish","format-standard","hentry","category-leis"],"_links":{"self":[{"href":"https:\/\/www.diariomunicipal-al.com.br\/uniao\/wp-json\/wp\/v2\/posts\/4349","targetHints":{"allow":["GET"]}}],"collection":[{"href":"https:\/\/www.diariomunicipal-al.com.br\/uniao\/wp-json\/wp\/v2\/posts"}],"about":[{"href":"https:\/\/www.diariomunicipal-al.com.br\/uniao\/wp-json\/wp\/v2\/types\/post"}],"author":[{"embeddable":true,"href":"https:\/\/www.diariomunicipal-al.com.br\/uniao\/wp-json\/wp\/v2\/users\/2"}],"replies":[{"embeddable":true,"href":"https:\/\/www.diariomunicipal-al.com.br\/uniao\/wp-json\/wp\/v2\/comments?post=4349"}],"version-history":[{"count":1,"href":"https:\/\/www.diariomunicipal-al.com.br\/uniao\/wp-json\/wp\/v2\/posts\/4349\/revisions"}],"predecessor-version":[{"id":4350,"href":"https:\/\/www.diariomunicipal-al.com.br\/uniao\/wp-json\/wp\/v2\/posts\/4349\/revisions\/4350"}],"wp:attachment":[{"href":"https:\/\/www.diariomunicipal-al.com.br\/uniao\/wp-json\/wp\/v2\/media?parent=4349"}],"wp:term":[{"taxonomy":"category","embeddable":true,"href":"https:\/\/www.diariomunicipal-al.com.br\/uniao\/wp-json\/wp\/v2\/categories?post=4349"},{"taxonomy":"post_tag","embeddable":true,"href":"https:\/\/www.diariomunicipal-al.com.br\/uniao\/wp-json\/wp\/v2\/tags?post=4349"}],"curies":[{"name":"wp","href":"https:\/\/api.w.org\/{rel}","templated":true}]}}