{"id":4359,"date":"2025-08-12T11:47:52","date_gmt":"2025-08-12T14:47:52","guid":{"rendered":"https:\/\/www.diariomunicipal-al.com.br\/uniao\/?p=4359"},"modified":"2026-01-07T10:01:27","modified_gmt":"2026-01-07T13:01:27","slug":"extrato-da-portaria-n-126-2025","status":"publish","type":"post","link":"https:\/\/www.diariomunicipal-al.com.br\/uniao\/extrato-da-portaria-n-126-2025\/","title":{"rendered":"EXTRATO DA PORTARIA N\u00b0 126\/2025."},"content":{"rendered":"\n<p>O PREFEITO DE UNI\u00c3O DOS PALMARES, ALAGOAS, no uso da atribui\u00e7\u00e3o que lhe confere a Lei Org\u00e2nica Municipal e a Lei Municipal n\u00ba 1.072\/2006, nos termos do Processo Administrativo n\u00ba 1021070300042025,;<\/p>\n\n\n\n<p>RESOLVE:<\/p>\n\n\n\n<p>Art. 1\u00ba Instaurar Processo Administrativo Disciplinar \u2013 PAD em face de JOAQUINA ROSA DA SILVA, CPF n\u00ba \u2014\u2013, mat. \u2014\u2013, lotada na Secretaria Municipal de Sa\u00fade.<\/p>\n\n\n\n<p>.Art. 2\u00ba [\u2026]<\/p>\n\n\n\n<p>Art. 3\u00ba Esta portaria entra em vigor na data de sua publica\u00e7\u00e3o.<\/p>\n\n\n\n<p>Uni\u00e3o dos Palmares, 7 de julho de 2025.<\/p>\n\n\n\n<p>JOS\u00c9 IRAN MENEZES DA SILVA JUNIOR<\/p>\n\n\n\n<p>Prefeito<\/p>\n","protected":false},"excerpt":{"rendered":"<p>O PREFEITO DE UNI\u00c3O DOS PALMARES, ALAGOAS, no uso da atribui\u00e7\u00e3o que lhe confere a Lei Org\u00e2nica Municipal e a Lei Municipal n\u00ba 1.072\/2006, nos termos do Processo Administrativo n\u00ba 1021070300042025,; RESOLVE: Art. 1\u00ba Instaurar Processo Administrativo Disciplinar \u2013 PAD em face de JOAQUINA ROSA DA SILVA, CPF n\u00ba \u2014\u2013, mat. \u2014\u2013, lotada na Secretaria [&hellip;]<\/p>\n","protected":false},"author":2,"featured_media":0,"comment_status":"open","ping_status":"open","sticky":false,"template":"","format":"standard","meta":{"footnotes":""},"categories":[6],"tags":[],"class_list":["post-4359","post","type-post","status-publish","format-standard","hentry","category-portarias"],"_links":{"self":[{"href":"https:\/\/www.diariomunicipal-al.com.br\/uniao\/wp-json\/wp\/v2\/posts\/4359","targetHints":{"allow":["GET"]}}],"collection":[{"href":"https:\/\/www.diariomunicipal-al.com.br\/uniao\/wp-json\/wp\/v2\/posts"}],"about":[{"href":"https:\/\/www.diariomunicipal-al.com.br\/uniao\/wp-json\/wp\/v2\/types\/post"}],"author":[{"embeddable":true,"href":"https:\/\/www.diariomunicipal-al.com.br\/uniao\/wp-json\/wp\/v2\/users\/2"}],"replies":[{"embeddable":true,"href":"https:\/\/www.diariomunicipal-al.com.br\/uniao\/wp-json\/wp\/v2\/comments?post=4359"}],"version-history":[{"count":1,"href":"https:\/\/www.diariomunicipal-al.com.br\/uniao\/wp-json\/wp\/v2\/posts\/4359\/revisions"}],"predecessor-version":[{"id":4360,"href":"https:\/\/www.diariomunicipal-al.com.br\/uniao\/wp-json\/wp\/v2\/posts\/4359\/revisions\/4360"}],"wp:attachment":[{"href":"https:\/\/www.diariomunicipal-al.com.br\/uniao\/wp-json\/wp\/v2\/media?parent=4359"}],"wp:term":[{"taxonomy":"category","embeddable":true,"href":"https:\/\/www.diariomunicipal-al.com.br\/uniao\/wp-json\/wp\/v2\/categories?post=4359"},{"taxonomy":"post_tag","embeddable":true,"href":"https:\/\/www.diariomunicipal-al.com.br\/uniao\/wp-json\/wp\/v2\/tags?post=4359"}],"curies":[{"name":"wp","href":"https:\/\/api.w.org\/{rel}","templated":true}]}}