{"id":4420,"date":"2025-08-21T16:41:00","date_gmt":"2025-08-21T19:41:00","guid":{"rendered":"https:\/\/www.diariomunicipal-al.com.br\/uniao\/?p=4420"},"modified":"2025-08-22T10:41:05","modified_gmt":"2025-08-22T13:41:05","slug":"portaria-no-163-de-20-de-agosto-de-2025","status":"publish","type":"post","link":"https:\/\/www.diariomunicipal-al.com.br\/uniao\/portaria-no-163-de-20-de-agosto-de-2025\/","title":{"rendered":"PORTARIA N\u00ba 163, DE 20 DE AGOSTO DE 2025."},"content":{"rendered":"\n<p>DESIGNA OS MOBILIZADORES DO PROGRAMA PREFEITAS E PREFEITOS AMIGOS DA CRIAN\u00c7A &#8211; EDI\u00c7\u00c3O 2025\/2028 NO \u00c2MBITO DO MUNIC\u00cdPIO DE UNI\u00c3O DOS PALMARES.<\/p>\n\n\n\n<p><\/p>\n\n\n\n<p><strong>O PREFEITO DE UNI\u00c3O DOS PALMARES, ALAGOAS,<\/strong> no uso da atribui\u00e7\u00e3o que lhe confere a Lei Org\u00e2nica Municipal;<\/p>\n\n\n\n<p><strong>CONSIDERANDO <\/strong>a ades\u00e3o do Munic\u00edpio de Uni\u00e3o dos Palmares ao Programa Prefeitas e Prefeitos Amigos da Crian\u00e7a &#8211; PPAC, ciclo 2025-2028, promovido pela Funda\u00e7\u00e3o Abrinq pelos direitos da crian\u00e7a e do adolescente;<\/p>\n\n\n\n<p><strong>CONSIDERANDO <\/strong>os compromissos assumidos pela gest\u00e3o municipal com a ades\u00e3o ao referido programa, particularmente no que tange \u00e0 necessidade da designa\u00e7\u00e3o de mobilizadores municipais para promoverem a interlocu\u00e7\u00e3o com a Funda\u00e7\u00e3o Abrinq, a coleta de dados, o preenchimento de relat\u00f3rios e a articula\u00e7\u00e3o institucional local;<\/p>\n\n\n\n<p><\/p>\n\n\n\n<p><strong>RESOLVE:<\/strong><\/p>\n\n\n\n<p><\/p>\n\n\n\n<p><strong>Art. 1\u00ba <\/strong>Designar os servidores abaixo listados como Mobilizadores do Programa Prefeitas e Prefeitos Amigos da Crian\u00e7a &#8211; PPAC no \u00e2mbito do Munic\u00edpio de Uni\u00e3o dos Palmares:<\/p>\n\n\n\n<ol class=\"wp-block-list\">\n<li><strong>KIRIANE CEC\u00cdLIA DA SILVA CRUZ<\/strong> &#8211; Mobilizadora da Secretaria de Sa\u00fade;<\/li>\n\n\n\n<li><strong>APARECIDA AMBR\u00d3SIO <\/strong>&#8211; Mobilizadora da Secretaria de Educa\u00e7\u00e3o;<\/li>\n\n\n\n<li><strong>AMANDA MOREIRA DA SILVA <\/strong>&#8211; Mobilizadora de Prote\u00e7\u00e3o contra Viol\u00eancias;<\/li>\n\n\n\n<li><strong>B\u00c1RBARA KETHRE SANTOS FIGUEREDO <\/strong>&#8211; Mobilizadora da Secretaria de Inf\u00e2ncia e Juventude;<\/li>\n\n\n\n<li><strong>JILDADO DE ARA\u00daJO <\/strong>&#8211; Mobilizador do N\u00facleo de Igualdade Racial;<\/li>\n\n\n\n<li><strong>ELEN CLAUDIA SANTANA DA SILVA <\/strong>&#8211; Mobilizadora de \u00c1gua, Saneamento, Higiene e Resili\u00eancia;<\/li>\n\n\n\n<li><strong>JOS\u00c9 DIMAS DE OLIVEIRA FILHO <\/strong>&#8211; Mobilizador da Secretaria de Assist\u00eancia Social;<\/li>\n\n\n\n<li><strong>DHIOGO FRANCISCO NIC\u00c1CIO COSTA <\/strong>&#8211; Mobilizador da Controladoria Geral.<\/li>\n<\/ol>\n\n\n\n<p><strong>Art. 2\u00ba<\/strong> Compete aos Mobilizadores, no exerc\u00edcio desta fun\u00e7\u00e3o:<\/p>\n\n\n\n<ol class=\"wp-block-list\">\n<li>coordenar, em \u00e2mbito local, a coleta, sistematiza\u00e7\u00e3o e envio de informa\u00e7\u00f5es exigidas pelo Programa;<\/li>\n\n\n\n<li>apoiar a execu\u00e7\u00e3o da agenda de trabalho do PPAC no Munic\u00edpio;<\/li>\n\n\n\n<li>participar de reuni\u00f5es, oficinas, forma\u00e7\u00f5es de demais a\u00e7\u00f5es promovidas pelo Programa;<\/li>\n\n\n\n<li>contribuir para a mobiliza\u00e7\u00e3o de Secretarias, Conselhos e demais atores locais vinculados \u00e0 pol\u00edtica da inf\u00e2ncia e adolesc\u00eancia.<strong>\u00a0<\/strong><\/li>\n<\/ol>\n\n\n\n<p><strong>Art. 3\u00ba <\/strong>Esta portaria entra em vigor na data de sua publica\u00e7\u00e3o, revogadas as disposi\u00e7\u00f5es em contr\u00e1rio.<\/p>\n\n\n\n<p><\/p>\n\n\n\n<p>Uni\u00e3o dos Palmares, 20 de agosto de 2025.<\/p>\n\n\n\n<p><\/p>\n\n\n\n<p><strong>JOS\u00c9 IRAN MENEZES DA SILVA JUNIOR<\/strong><\/p>\n\n\n\n<p>Prefeito<\/p>\n","protected":false},"excerpt":{"rendered":"<p>DESIGNA OS MOBILIZADORES DO PROGRAMA PREFEITAS E PREFEITOS AMIGOS DA CRIAN\u00c7A &#8211; EDI\u00c7\u00c3O 2025\/2028 NO \u00c2MBITO DO MUNIC\u00cdPIO DE UNI\u00c3O DOS PALMARES. O PREFEITO DE UNI\u00c3O DOS PALMARES, ALAGOAS, no uso da atribui\u00e7\u00e3o que lhe confere a Lei Org\u00e2nica Municipal; CONSIDERANDO a ades\u00e3o do Munic\u00edpio de Uni\u00e3o dos Palmares ao Programa Prefeitas e Prefeitos Amigos [&hellip;]<\/p>\n","protected":false},"author":2,"featured_media":0,"comment_status":"open","ping_status":"open","sticky":false,"template":"","format":"standard","meta":{"footnotes":""},"categories":[6],"tags":[],"class_list":["post-4420","post","type-post","status-publish","format-standard","hentry","category-portarias"],"_links":{"self":[{"href":"https:\/\/www.diariomunicipal-al.com.br\/uniao\/wp-json\/wp\/v2\/posts\/4420","targetHints":{"allow":["GET"]}}],"collection":[{"href":"https:\/\/www.diariomunicipal-al.com.br\/uniao\/wp-json\/wp\/v2\/posts"}],"about":[{"href":"https:\/\/www.diariomunicipal-al.com.br\/uniao\/wp-json\/wp\/v2\/types\/post"}],"author":[{"embeddable":true,"href":"https:\/\/www.diariomunicipal-al.com.br\/uniao\/wp-json\/wp\/v2\/users\/2"}],"replies":[{"embeddable":true,"href":"https:\/\/www.diariomunicipal-al.com.br\/uniao\/wp-json\/wp\/v2\/comments?post=4420"}],"version-history":[{"count":1,"href":"https:\/\/www.diariomunicipal-al.com.br\/uniao\/wp-json\/wp\/v2\/posts\/4420\/revisions"}],"predecessor-version":[{"id":4421,"href":"https:\/\/www.diariomunicipal-al.com.br\/uniao\/wp-json\/wp\/v2\/posts\/4420\/revisions\/4421"}],"wp:attachment":[{"href":"https:\/\/www.diariomunicipal-al.com.br\/uniao\/wp-json\/wp\/v2\/media?parent=4420"}],"wp:term":[{"taxonomy":"category","embeddable":true,"href":"https:\/\/www.diariomunicipal-al.com.br\/uniao\/wp-json\/wp\/v2\/categories?post=4420"},{"taxonomy":"post_tag","embeddable":true,"href":"https:\/\/www.diariomunicipal-al.com.br\/uniao\/wp-json\/wp\/v2\/tags?post=4420"}],"curies":[{"name":"wp","href":"https:\/\/api.w.org\/{rel}","templated":true}]}}