{"id":4555,"date":"2025-05-07T09:29:22","date_gmt":"2025-05-07T12:29:22","guid":{"rendered":"https:\/\/www.diariomunicipal-al.com.br\/uniao\/?p=4555"},"modified":"2025-09-19T09:30:19","modified_gmt":"2025-09-19T12:30:19","slug":"portaria-no-110-de-7-de-maio-de-2025","status":"publish","type":"post","link":"https:\/\/www.diariomunicipal-al.com.br\/uniao\/portaria-no-110-de-7-de-maio-de-2025\/","title":{"rendered":"PORTARIA N\u00ba 110, DE 7 DE MAIO DE 2025."},"content":{"rendered":"\n<p>NOMEIA O CONSELHO MUNICIPAL DOS DIREITOS E PROTE\u00c7\u00c3O DA PESSOA IDOSA DE UNI\u00c3O DOS PALMARES.<\/p>\n\n\n\n<p><\/p>\n\n\n\n<p><strong>O PREFEITO DE UNI\u00c3O DOS PALMARES, ALAGOAS,<\/strong> no uso da atribui\u00e7\u00e3o que lhe confere a Lei Org\u00e2nica Municipal;<\/p>\n\n\n\n<p><strong>CONSIDERANDO <\/strong>o disposto na Lei Municipal n\u00ba 1.100, de 13 de dezembro de 2007, que cria o Conselho Municipal dos Direitos e Prote\u00e7\u00e3o da Pessoa Idosa e suas altera\u00e7\u00f5es pela Lei Municipal n\u00ba 1.546\/2024;<\/p>\n\n\n\n<p><\/p>\n\n\n\n<p><strong>RESOLVE:<\/strong><\/p>\n\n\n\n<p><\/p>\n\n\n\n<p><strong>Art. 1\u00ba <\/strong>Nomear o Conselho Municipal dos Direitos e Prote\u00e7\u00e3o da Pessoa Idosa de Uni\u00e3o dos Palmares, Alagoas, para exercer o mandato bienal a contar da data de publica\u00e7\u00e3o deste instrumento, passando, portanto, a ser constitu\u00eddo com os seguintes membros:<\/p>\n\n\n\n<ol class=\"wp-block-list\">\n<li><strong>Representantes de \u00f3rg\u00e3os ou entidades governamentais<\/strong><\/li>\n<\/ol>\n\n\n\n<ul class=\"wp-block-list\">\n<li>Secretaria Municipal de Assist\u00eancia Social<\/li>\n<\/ul>\n\n\n\n<p>Titular: Barnabel Bezerra da Silva<\/p>\n\n\n\n<p>Suplente: Rose Mary Rocha da Silva<\/p>\n\n\n\n<ul class=\"wp-block-list\">\n<li>Secretaria Municipal de Educa\u00e7\u00e3o<\/li>\n<\/ul>\n\n\n\n<p>Titular: S\u00f4nia Maria de Jesus Viana<\/p>\n\n\n\n<p>Suplente: Wanessa L\u00facia da Silva<\/p>\n\n\n\n<ul class=\"wp-block-list\">\n<li>Secretaria Municipal de Sa\u00fade<\/li>\n<\/ul>\n\n\n\n<p>Titular: Maria Felix<\/p>\n\n\n\n<p>Suplente: Daniela Galdino<\/p>\n\n\n\n<ul class=\"wp-block-list\">\n<li>Secretaria Municipal Geral de Administra\u00e7\u00e3o<\/li>\n<\/ul>\n\n\n\n<p>Titular: Maria Ramos Lopes de Oliveira<\/p>\n\n\n\n<p>Suplente: Waldianne de Carvalho Rocha Viana<\/p>\n\n\n\n<ol start=\"2\" class=\"wp-block-list\">\n<li><strong>Representantes de \u00f3rg\u00e3os ou entidades n\u00e3o-governamentais<\/strong><\/li>\n<\/ol>\n\n\n\n<ul class=\"wp-block-list\">\n<li>Casa do Idoso Santo Ant\u00f4nio<\/li>\n<\/ul>\n\n\n\n<p>Titular: Ana Paula Moura de Melo Silva<\/p>\n\n\n\n<p>Suplente: Lucileide do Nascimento Torres<\/p>\n\n\n\n<ul class=\"wp-block-list\">\n<li>Associa\u00e7\u00e3o Regional de Defesa dos Direitos da Mulher<\/li>\n<\/ul>\n\n\n\n<p>Titular: Josefa Maria Guarda<\/p>\n\n\n\n<p>Suplente: Maria de Figueiredo Silva<\/p>\n\n\n\n<ul class=\"wp-block-list\">\n<li>Associa\u00e7\u00e3o dos Deficientes F\u00edsicos de Uni\u00e3o dos Palmares \u2013 ADEFUP<\/li>\n<\/ul>\n\n\n\n<p>Titular: Edna Merencio<\/p>\n\n\n\n<p>Suplente: Jos\u00e9 Francelino da Silva<\/p>\n\n\n\n<ul class=\"wp-block-list\">\n<li>Funda\u00e7\u00e3o Rosa M\u00edstica<\/li>\n<\/ul>\n\n\n\n<p>Titular: Jos\u00e9 Leandro de Lima<\/p>\n\n\n\n<p>Suplente: Denize Maria Reginalda da Silva<\/p>\n\n\n\n<p><strong>Art. 2\u00ba <\/strong>Esta portaria entra em vigor na data de sua publica\u00e7\u00e3o.<\/p>\n\n\n\n<p><\/p>\n\n\n\n<p>Uni\u00e3o dos Palmares, 7 de maio de 2025.<\/p>\n\n\n\n<p><\/p>\n\n\n\n<p><strong>JOS\u00c9 IRAN MENEZES DA SILVA JUNIOR<\/strong><\/p>\n\n\n\n<p>Prefeito<\/p>\n","protected":false},"excerpt":{"rendered":"<p>NOMEIA O CONSELHO MUNICIPAL DOS DIREITOS E PROTE\u00c7\u00c3O DA PESSOA IDOSA DE UNI\u00c3O DOS PALMARES. O PREFEITO DE UNI\u00c3O DOS PALMARES, ALAGOAS, no uso da atribui\u00e7\u00e3o que lhe confere a Lei Org\u00e2nica Municipal; CONSIDERANDO o disposto na Lei Municipal n\u00ba 1.100, de 13 de dezembro de 2007, que cria o Conselho Municipal dos Direitos e [&hellip;]<\/p>\n","protected":false},"author":2,"featured_media":0,"comment_status":"open","ping_status":"open","sticky":false,"template":"","format":"standard","meta":{"footnotes":""},"categories":[6],"tags":[],"class_list":["post-4555","post","type-post","status-publish","format-standard","hentry","category-portarias"],"_links":{"self":[{"href":"https:\/\/www.diariomunicipal-al.com.br\/uniao\/wp-json\/wp\/v2\/posts\/4555","targetHints":{"allow":["GET"]}}],"collection":[{"href":"https:\/\/www.diariomunicipal-al.com.br\/uniao\/wp-json\/wp\/v2\/posts"}],"about":[{"href":"https:\/\/www.diariomunicipal-al.com.br\/uniao\/wp-json\/wp\/v2\/types\/post"}],"author":[{"embeddable":true,"href":"https:\/\/www.diariomunicipal-al.com.br\/uniao\/wp-json\/wp\/v2\/users\/2"}],"replies":[{"embeddable":true,"href":"https:\/\/www.diariomunicipal-al.com.br\/uniao\/wp-json\/wp\/v2\/comments?post=4555"}],"version-history":[{"count":1,"href":"https:\/\/www.diariomunicipal-al.com.br\/uniao\/wp-json\/wp\/v2\/posts\/4555\/revisions"}],"predecessor-version":[{"id":4556,"href":"https:\/\/www.diariomunicipal-al.com.br\/uniao\/wp-json\/wp\/v2\/posts\/4555\/revisions\/4556"}],"wp:attachment":[{"href":"https:\/\/www.diariomunicipal-al.com.br\/uniao\/wp-json\/wp\/v2\/media?parent=4555"}],"wp:term":[{"taxonomy":"category","embeddable":true,"href":"https:\/\/www.diariomunicipal-al.com.br\/uniao\/wp-json\/wp\/v2\/categories?post=4555"},{"taxonomy":"post_tag","embeddable":true,"href":"https:\/\/www.diariomunicipal-al.com.br\/uniao\/wp-json\/wp\/v2\/tags?post=4555"}],"curies":[{"name":"wp","href":"https:\/\/api.w.org\/{rel}","templated":true}]}}