{"id":4564,"date":"2025-08-05T13:13:14","date_gmt":"2025-08-05T16:13:14","guid":{"rendered":"https:\/\/www.diariomunicipal-al.com.br\/uniao\/?p=4564"},"modified":"2025-09-19T13:15:13","modified_gmt":"2025-09-19T16:15:13","slug":"portaria-no-46-2025-05-de-agosto-de-2025","status":"publish","type":"post","link":"https:\/\/www.diariomunicipal-al.com.br\/uniao\/portaria-no-46-2025-05-de-agosto-de-2025\/","title":{"rendered":"PORTARIA N\u00ba 46, 2025, 05 DE AGOSTO DE 2025"},"content":{"rendered":"\n<p>A Secret\u00e1ria Municipal de Educa\u00e7\u00e3o, no uso de suas atribui\u00e7\u00f5es legais conferidas pelo Art. 51 da Lei Org\u00e2nica do Munic\u00edpio, tendo em vista o que disp\u00f5e a Lei Federal 13.019\/2014, de 31 de julho de 2014 e suas altera\u00e7\u00f5es.<\/p>\n\n\n\n<p>RESOLVE:<\/p>\n\n\n\n<p>Art. 1\u00ba \u2013 CREDENCIAR A INSTITUTO SOCIAL CONFIAN\u00c7A, inscrito no CNPJ n\u00b0 44.696.512\/0001-00, com sede na Av. Deputado Humberto Mendes, n\u00ba 796, sala 66, Edf. Wall Street, Po\u00e7o, Macei\u00f3 \u2013 AL, CEP 57025-275, com o CERTIFICADO DE CREDENCIAMENTO, expedido pelo Sra. Secret\u00e1ria Municipal de Educa\u00e7\u00e3o, nos autos do processo administrativo n.\u00ba 1001072500452025.<\/p>\n\n\n\n<p>Art. 2\u00ba &#8211; O CERTIFICADO DE CREDENCIAMENTO \u00e9 v\u00e1lido at\u00e9 04\/08\/2026, e habilita a INSTITUTO SOCIAL CONFIAN\u00c7A para celebra\u00e7\u00e3o de eventuais e futuras parcerias junto \u00e0 Secretaria Municipal de Educa\u00e7\u00e3o &#8211; SEMED, nos termos do Edital n\u00ba 01\/2025, publicado no DOM de 01\/07\/2025, do Decreto Municipal N\u00ba 42\/2025 e da Lei Federal n\u00ba 13.019\/2014.<\/p>\n\n\n\n<p>Art. 3\u00ba \u2013 Esta portaria entra vem vigor na data de sua publica\u00e7\u00e3o no Di\u00e1rio Oficial do Munic\u00edpio de Uni\u00e3o dos Palmares\/AL.<\/p>\n\n\n\n<p>A presente Portaria foi registrada na Secretaria Municipal de Educa\u00e7\u00e3o atrav\u00e9s da fixa\u00e7\u00e3o no mural do pr\u00e9dio da Prefeitura e nos lugares p\u00fablicos, em 05 de agosto de 2025.<\/p>\n\n\n\n<p><strong>Mariana de Magalh\u00e3es Silva Lucena<\/strong><\/p>\n\n\n\n<p>Secret\u00e1ria Municipal de Educa\u00e7\u00e3o<\/p>\n\n\n\n<div data-wp-interactive=\"core\/file\" class=\"wp-block-file\"><object data-wp-bind--hidden=\"!state.hasPdfPreview\" hidden class=\"wp-block-file__embed\" data=\"https:\/\/www.diariomunicipal-al.com.br\/uniao\/wp-content\/uploads\/2025\/09\/Portaria.pdf\" type=\"application\/pdf\" style=\"width:100%;height:600px\" aria-label=\"Incorporado de Portaria.\"><\/object><a id=\"wp-block-file--media-9bc9504b-d0a6-43a3-ae81-b1417b90cb4a\" href=\"https:\/\/www.diariomunicipal-al.com.br\/uniao\/wp-content\/uploads\/2025\/09\/Portaria.pdf\">Portaria<\/a><a href=\"https:\/\/www.diariomunicipal-al.com.br\/uniao\/wp-content\/uploads\/2025\/09\/Portaria.pdf\" class=\"wp-block-file__button wp-element-button\" download aria-describedby=\"wp-block-file--media-9bc9504b-d0a6-43a3-ae81-b1417b90cb4a\">Baixar<\/a><\/div>\n","protected":false},"excerpt":{"rendered":"<p>A Secret\u00e1ria Municipal de Educa\u00e7\u00e3o, no uso de suas atribui\u00e7\u00f5es legais conferidas pelo Art. 51 da Lei Org\u00e2nica do Munic\u00edpio, tendo em vista o que disp\u00f5e a Lei Federal 13.019\/2014, de 31 de julho de 2014 e suas altera\u00e7\u00f5es. RESOLVE: Art. 1\u00ba \u2013 CREDENCIAR A INSTITUTO SOCIAL CONFIAN\u00c7A, inscrito no CNPJ n\u00b0 44.696.512\/0001-00, com sede [&hellip;]<\/p>\n","protected":false},"author":5,"featured_media":0,"comment_status":"open","ping_status":"open","sticky":false,"template":"","format":"standard","meta":{"footnotes":""},"categories":[6],"tags":[],"class_list":["post-4564","post","type-post","status-publish","format-standard","hentry","category-portarias"],"_links":{"self":[{"href":"https:\/\/www.diariomunicipal-al.com.br\/uniao\/wp-json\/wp\/v2\/posts\/4564","targetHints":{"allow":["GET"]}}],"collection":[{"href":"https:\/\/www.diariomunicipal-al.com.br\/uniao\/wp-json\/wp\/v2\/posts"}],"about":[{"href":"https:\/\/www.diariomunicipal-al.com.br\/uniao\/wp-json\/wp\/v2\/types\/post"}],"author":[{"embeddable":true,"href":"https:\/\/www.diariomunicipal-al.com.br\/uniao\/wp-json\/wp\/v2\/users\/5"}],"replies":[{"embeddable":true,"href":"https:\/\/www.diariomunicipal-al.com.br\/uniao\/wp-json\/wp\/v2\/comments?post=4564"}],"version-history":[{"count":1,"href":"https:\/\/www.diariomunicipal-al.com.br\/uniao\/wp-json\/wp\/v2\/posts\/4564\/revisions"}],"predecessor-version":[{"id":4567,"href":"https:\/\/www.diariomunicipal-al.com.br\/uniao\/wp-json\/wp\/v2\/posts\/4564\/revisions\/4567"}],"wp:attachment":[{"href":"https:\/\/www.diariomunicipal-al.com.br\/uniao\/wp-json\/wp\/v2\/media?parent=4564"}],"wp:term":[{"taxonomy":"category","embeddable":true,"href":"https:\/\/www.diariomunicipal-al.com.br\/uniao\/wp-json\/wp\/v2\/categories?post=4564"},{"taxonomy":"post_tag","embeddable":true,"href":"https:\/\/www.diariomunicipal-al.com.br\/uniao\/wp-json\/wp\/v2\/tags?post=4564"}],"curies":[{"name":"wp","href":"https:\/\/api.w.org\/{rel}","templated":true}]}}