{"id":4677,"date":"2025-10-09T12:22:17","date_gmt":"2025-10-09T15:22:17","guid":{"rendered":"https:\/\/www.diariomunicipal-al.com.br\/uniao\/?p=4677"},"modified":"2025-10-09T12:22:18","modified_gmt":"2025-10-09T15:22:18","slug":"lei-municipal-no-1-653-de-8-de-outubro-de-2025","status":"publish","type":"post","link":"https:\/\/www.diariomunicipal-al.com.br\/uniao\/lei-municipal-no-1-653-de-8-de-outubro-de-2025\/","title":{"rendered":"LEI MUNICIPAL N\u00ba 1.653, DE 8 DE OUTUBRO DE 2025."},"content":{"rendered":"\n<p>DENOMINA DE CRECHE TIA CL\u00c1UDIA A CRECHE MUNICIPAL LOCALIZADA NO BAIRRO ROBERTO CORREIA DE ARA\u00daJO.<\/p>\n\n\n\n<p><\/p>\n\n\n\n<p><strong>O<\/strong> <strong>PREFEITO DE UNI\u00c3O DOS PALMARES, ALAGOAS, <\/strong>no uso das atribui\u00e7\u00f5es que lhe s\u00e3o conferidas por lei, faz saber que a C\u00e2mara Municipal decretou e eu sanciono a seguinte lei:<\/p>\n\n\n\n<p><\/p>\n\n\n\n<p><strong>Art. 1\u00ba<\/strong> Fica denominada CRECHE TIA CL\u00c1UDIA a creche municipal localizada \u00e0 Rua Maria Carmelita da Silva, Roberto Correia de Ara\u00fajo, Uni\u00e3o dos Palmares, Alagoas, situada ao lado do Centro de Sa\u00fade Irm\u00e3os Francisco e Nelson.<\/p>\n\n\n\n<p><strong>Art. 2\u00ba<\/strong> Esta lei entra em vigor na data de sua publica\u00e7\u00e3o, revogadas as disposi\u00e7\u00f5es em contr\u00e1rio.<\/p>\n\n\n\n<p><\/p>\n\n\n\n<p>Uni\u00e3o dos Palmares, Alagoas, em 8 de outubro de 2025.<\/p>\n\n\n\n<p><\/p>\n\n\n\n<p><strong>JOS\u00c9 IRAN MENEZES DA SILVA JUNIOR<\/strong><\/p>\n\n\n\n<p>Prefeito<\/p>\n","protected":false},"excerpt":{"rendered":"<p>DENOMINA DE CRECHE TIA CL\u00c1UDIA A CRECHE MUNICIPAL LOCALIZADA NO BAIRRO ROBERTO CORREIA DE ARA\u00daJO. O PREFEITO DE UNI\u00c3O DOS PALMARES, ALAGOAS, no uso das atribui\u00e7\u00f5es que lhe s\u00e3o conferidas por lei, faz saber que a C\u00e2mara Municipal decretou e eu sanciono a seguinte lei: Art. 1\u00ba Fica denominada CRECHE TIA CL\u00c1UDIA a creche municipal [&hellip;]<\/p>\n","protected":false},"author":2,"featured_media":0,"comment_status":"open","ping_status":"open","sticky":false,"template":"","format":"standard","meta":{"footnotes":""},"categories":[2],"tags":[],"class_list":["post-4677","post","type-post","status-publish","format-standard","hentry","category-leis"],"_links":{"self":[{"href":"https:\/\/www.diariomunicipal-al.com.br\/uniao\/wp-json\/wp\/v2\/posts\/4677","targetHints":{"allow":["GET"]}}],"collection":[{"href":"https:\/\/www.diariomunicipal-al.com.br\/uniao\/wp-json\/wp\/v2\/posts"}],"about":[{"href":"https:\/\/www.diariomunicipal-al.com.br\/uniao\/wp-json\/wp\/v2\/types\/post"}],"author":[{"embeddable":true,"href":"https:\/\/www.diariomunicipal-al.com.br\/uniao\/wp-json\/wp\/v2\/users\/2"}],"replies":[{"embeddable":true,"href":"https:\/\/www.diariomunicipal-al.com.br\/uniao\/wp-json\/wp\/v2\/comments?post=4677"}],"version-history":[{"count":1,"href":"https:\/\/www.diariomunicipal-al.com.br\/uniao\/wp-json\/wp\/v2\/posts\/4677\/revisions"}],"predecessor-version":[{"id":4678,"href":"https:\/\/www.diariomunicipal-al.com.br\/uniao\/wp-json\/wp\/v2\/posts\/4677\/revisions\/4678"}],"wp:attachment":[{"href":"https:\/\/www.diariomunicipal-al.com.br\/uniao\/wp-json\/wp\/v2\/media?parent=4677"}],"wp:term":[{"taxonomy":"category","embeddable":true,"href":"https:\/\/www.diariomunicipal-al.com.br\/uniao\/wp-json\/wp\/v2\/categories?post=4677"},{"taxonomy":"post_tag","embeddable":true,"href":"https:\/\/www.diariomunicipal-al.com.br\/uniao\/wp-json\/wp\/v2\/tags?post=4677"}],"curies":[{"name":"wp","href":"https:\/\/api.w.org\/{rel}","templated":true}]}}