{"id":469,"date":"2021-01-20T19:06:52","date_gmt":"2021-01-20T21:06:52","guid":{"rendered":"https:\/\/www.diariomunicipal-al.com.br\/uniao\/?p=469"},"modified":"2021-01-20T19:06:52","modified_gmt":"2021-01-20T21:06:52","slug":"licitacao-na-modalidade-de-leilao-n-01-2021","status":"publish","type":"post","link":"https:\/\/www.diariomunicipal-al.com.br\/uniao\/licitacao-na-modalidade-de-leilao-n-01-2021\/","title":{"rendered":"Licita\u00e7\u00e3o na modalidade de Leil\u00e3o n\u00b0 01\/2021"},"content":{"rendered":"\n<p class=\"has-text-align-center\">PREFEITURA MUNICIPAL DE UNI\u00c3O DOS PALMARES<\/p>\n\n\n\n<p class=\"has-text-align-center\"><a>AVISO DE LEIL\u00c3O<\/a><\/p>\n\n\n\n<p>A Prefeitura Municipal de Uni\u00e3o dos Palmares\/AL, comunica que se encontra instaurada a Licita\u00e7\u00e3o na modalidade de Leil\u00e3o n\u00b0 01\/2021. Objeto: aliena\u00e7\u00e3o de bens m\u00f3veis inserv\u00edveis. DATA: 10\/02\/2021, \u00e0s 10h00min. O Certame ocorrer\u00e1 de forma PRESENCIAL e ONLINE, observando a legisla\u00e7\u00e3o e com as devidas medidas de seguran\u00e7a sanit\u00e1ria (uso obrigat\u00f3rio de m\u00e1scara e distanciamento de 2metros). O Edital se encontra \u00e0 disposi\u00e7\u00e3o dos interessados na sede da Prefeitura, Rua Marechal Deodoro da Fonseca, s\/n, Centro, Uni\u00e3o dos Palmares\/AL, no portal www.lancecertoleiloes.com.br ou pelo e-mail licitauniao@gmail.com.<\/p>\n\n\n\n<p class=\"has-text-align-center\">Uni\u00e3o dos Palmares\/AL, 20 de janeiro de 2021.<\/p>\n\n\n\n<p class=\"has-text-align-center\">Jos\u00e9 Nabuco Montenegro Pino <\/p>\n\n\n\n<p class=\"has-text-align-center\">Presidente da Comiss\u00e3o de Leil\u00e3o<\/p>\n\n\n\n<div class=\"wp-block-file\"><a href=\"https:\/\/www.diariomunicipal-al.com.br\/uniao\/wp-content\/uploads\/2021\/01\/EDITAL-LEILAO-01-2021.pdf\">EDITAL-LEILAO-01-2021<\/a><a href=\"https:\/\/www.diariomunicipal-al.com.br\/uniao\/wp-content\/uploads\/2021\/01\/EDITAL-LEILAO-01-2021.pdf\" class=\"wp-block-file__button\" download>Baixar<\/a><\/div>\n","protected":false},"excerpt":{"rendered":"<p>PREFEITURA MUNICIPAL DE UNI\u00c3O DOS PALMARES AVISO DE LEIL\u00c3O A Prefeitura Municipal de Uni\u00e3o dos Palmares\/AL, comunica que se encontra instaurada a Licita\u00e7\u00e3o na modalidade de Leil\u00e3o n\u00b0 01\/2021. Objeto: aliena\u00e7\u00e3o de bens m\u00f3veis inserv\u00edveis. DATA: 10\/02\/2021, \u00e0s 10h00min. O Certame ocorrer\u00e1 de forma PRESENCIAL e ONLINE, observando a legisla\u00e7\u00e3o e com as devidas medidas [&hellip;]<\/p>\n","protected":false},"author":5,"featured_media":0,"comment_status":"open","ping_status":"open","sticky":false,"template":"","format":"standard","meta":{"footnotes":""},"categories":[1],"tags":[],"class_list":["post-469","post","type-post","status-publish","format-standard","hentry","category-licitacoes"],"_links":{"self":[{"href":"https:\/\/www.diariomunicipal-al.com.br\/uniao\/wp-json\/wp\/v2\/posts\/469","targetHints":{"allow":["GET"]}}],"collection":[{"href":"https:\/\/www.diariomunicipal-al.com.br\/uniao\/wp-json\/wp\/v2\/posts"}],"about":[{"href":"https:\/\/www.diariomunicipal-al.com.br\/uniao\/wp-json\/wp\/v2\/types\/post"}],"author":[{"embeddable":true,"href":"https:\/\/www.diariomunicipal-al.com.br\/uniao\/wp-json\/wp\/v2\/users\/5"}],"replies":[{"embeddable":true,"href":"https:\/\/www.diariomunicipal-al.com.br\/uniao\/wp-json\/wp\/v2\/comments?post=469"}],"version-history":[{"count":1,"href":"https:\/\/www.diariomunicipal-al.com.br\/uniao\/wp-json\/wp\/v2\/posts\/469\/revisions"}],"predecessor-version":[{"id":471,"href":"https:\/\/www.diariomunicipal-al.com.br\/uniao\/wp-json\/wp\/v2\/posts\/469\/revisions\/471"}],"wp:attachment":[{"href":"https:\/\/www.diariomunicipal-al.com.br\/uniao\/wp-json\/wp\/v2\/media?parent=469"}],"wp:term":[{"taxonomy":"category","embeddable":true,"href":"https:\/\/www.diariomunicipal-al.com.br\/uniao\/wp-json\/wp\/v2\/categories?post=469"},{"taxonomy":"post_tag","embeddable":true,"href":"https:\/\/www.diariomunicipal-al.com.br\/uniao\/wp-json\/wp\/v2\/tags?post=469"}],"curies":[{"name":"wp","href":"https:\/\/api.w.org\/{rel}","templated":true}]}}