{"id":4738,"date":"2025-08-05T14:32:00","date_gmt":"2025-08-05T17:32:00","guid":{"rendered":"https:\/\/www.diariomunicipal-al.com.br\/uniao\/?p=4738"},"modified":"2025-10-24T09:01:02","modified_gmt":"2025-10-24T12:01:02","slug":"decreto-n-058-de-4-de-agosto-de-2025","status":"publish","type":"post","link":"https:\/\/www.diariomunicipal-al.com.br\/uniao\/decreto-n-058-de-4-de-agosto-de-2025\/","title":{"rendered":"DECRETO N\u00b0 058, DE 4 DE AGOSTO DE 2025."},"content":{"rendered":"\n<p>ESTABELECE PROCEDIMENTOS PARA A PARTICIPA\u00c7\u00c3O DE PESSOA F\u00cdSICA NAS CONTRATA\u00c7\u00d5ES P\u00daBLICAS DE QUE TRATA A LEI FEDERAL N\u00ba 14.133\/2021, NO \u00c2MBITO DA ADMINISTRA\u00c7\u00c3O P\u00daBLICA MUNICIPAL.<\/p>\n\n\n\n<p><\/p>\n\n\n\n<p><strong>O PREFEITO DE UNI\u00c3O DOS PALMARES, ALAGOAS<\/strong>, no uso da atribui\u00e7\u00e3o que lhe confere a Lei Org\u00e2nica Municipal;<\/p>\n\n\n\n<p><strong>CONSIDERANDO<\/strong> o disposto na Lei Federal n\u00ba 14.133, de 1\u00ba de abril de 2021;<\/p>\n\n\n\n<p><\/p>\n\n\n\n<p><strong>DECRETA:<\/strong><\/p>\n\n\n\n<p><\/p>\n\n\n\n<p><strong>CAP\u00cdTULO I<\/strong><\/p>\n\n\n\n<p><strong>DISPOSI\u00c7\u00d5ES PRELIMINARES<\/strong><\/p>\n\n\n\n<p><strong>Art. 1\u00ba<\/strong> Este Decreto estabelece procedimentos para a participa\u00e7\u00e3o de pessoa f\u00edsica nas contrata\u00e7\u00f5es p\u00fablicas de que trata a Lei Federal n\u00ba 14.133\/2021, no \u00e2mbito da administra\u00e7\u00e3o p\u00fablica municipal.<\/p>\n\n\n\n<p><strong>Art. 2\u00ba<\/strong> Para efeito deste Decreto, considera-se pessoa f\u00edsica todo o trabalhador aut\u00f4nomo, sem qualquer v\u00ednculo de subordina\u00e7\u00e3o para fins de execu\u00e7\u00e3o do objeto da contrata\u00e7\u00e3o p\u00fablica, incluindo os profissionais liberais n\u00e3o enquadrados como sociedade empres\u00e1ria ou empres\u00e1rio individual, nos termos das legisla\u00e7\u00f5es espec\u00edficas, que participa ou manifesta a inten\u00e7\u00e3o de participar de processo de contrata\u00e7\u00e3o p\u00fablica, sendo equiparado a fornecedor ou ao prestador de servi\u00e7o que, em atendimento \u00e0 solicita\u00e7\u00e3o da Administra\u00e7\u00e3o, oferece proposta.<\/p>\n\n\n\n<p><strong>CAP\u00cdTULO II<\/strong><\/p>\n\n\n\n<p><strong>DISPOSI\u00c7\u00d5ES GERAIS<\/strong><\/p>\n\n\n\n<p><strong>Art. 3\u00ba<\/strong> Os editais ou os avisos de contrata\u00e7\u00e3o direta dever\u00e3o possibilitar a contrata\u00e7\u00e3o das pessoas f\u00edsicas de que trata o art. 2\u00ba, em observ\u00e2ncia aos objetivos da isonomia e da justa competi\u00e7\u00e3o.<\/p>\n\n\n\n<p><strong>Par\u00e1grafo \u00fanico.<\/strong> N\u00e3o se aplica o disposto no caput quando a contrata\u00e7\u00e3o exigir capital social m\u00ednimo e estrutura m\u00ednima, com equipamentos, instala\u00e7\u00f5es e equipe de profissionais ou corpo t\u00e9cnico para a execu\u00e7\u00e3o do objeto, incompat\u00edveis com a natureza profissional da pessoa f\u00edsica, conforme demonstrado em estudo t\u00e9cnico preliminar.<\/p>\n\n\n\n<p><strong>Art. 4\u00ba<\/strong> O edital ou o aviso de contrata\u00e7\u00e3o direta dever\u00e1 conter, dentre outras cl\u00e1usulas:<\/p>\n\n\n\n<p>I &#8211; exig\u00eancia de certid\u00f5es ou atestados de qualifica\u00e7\u00e3o t\u00e9cnica, quando couber, expedidos por pessoas jur\u00eddicas de direito p\u00fablico ou privado, que comprovem ter as pessoas f\u00edsicas fornecido os materiais ou prestado os servi\u00e7os compat\u00edveis com o objeto da licita\u00e7\u00e3o;<\/p>\n\n\n\n<p>II &#8211; apresenta\u00e7\u00e3o dos seguintes documentos, no m\u00ednimo:<\/p>\n\n\n\n<p>a) prova de regularidade perante as Fazendas Federal, Estadual e\/ou Municipal do domic\u00edlio ou sede do licitante, ou outra equivalente, na forma da lei;<\/p>\n\n\n\n<p>b) prova de regularidade perante a Seguridade Social e trabalhista;<\/p>\n\n\n\n<p>c) certid\u00e3o negativa de insolv\u00eancia civil;<\/p>\n\n\n\n<p>d) declara\u00e7\u00e3o de que atende aos requisitos do edital ou do aviso de contrata\u00e7\u00e3o direta;<\/p>\n\n\n\n<p>e) declara\u00e7\u00e3o de inexist\u00eancia de fato impeditivo para licitar ou contratar com a Administra\u00e7\u00e3o P\u00fablica.<\/p>\n\n\n\n<p>III &#8211; exig\u00eancia de a pessoa f\u00edsica, ao ofertar seu lance ou proposta, acrescentar o percentual de 20% (vinte por cento) do valor de comercializa\u00e7\u00e3o a t\u00edtulo de contribui\u00e7\u00e3o patronal \u00e0 Seguridade Social, para fins de melhor avalia\u00e7\u00e3o das condi\u00e7\u00f5es da contrata\u00e7\u00e3o pela Administra\u00e7\u00e3o;<\/p>\n\n\n\n<p>IV &#8211; exig\u00eancia do cadastramento da pessoa f\u00edsica no Sistema de Registro Cadastral Unificado (Sicaf) ou outro sistema utilizado pelo munic\u00edpio.<\/p>\n\n\n\n<p><strong>Par\u00e1grafo \u00fanico.<\/strong> O valor de que trata o inciso III dever\u00e1 ser subtra\u00eddo do valor da proposta final do adjudicat\u00e1rio e recolhido, pela Administra\u00e7\u00e3o, ao Instituto Nacional do Seguro Social (INSS).<\/p>\n\n\n\n<p><strong>CAP\u00cdTULO III<\/strong><\/p>\n\n\n\n<p><strong>DISPOSI\u00c7\u00d5ES FINAIS<\/strong><\/p>\n\n\n\n<p><strong>Art. 5\u00ba<\/strong> Os casos omissos ser\u00e3o dirimidos pela Procuradoria Geral do Munic\u00edpio.<\/p>\n\n\n\n<p><strong>Art. 6\u00ba <\/strong>Este Decreto entra em vigor na data de sua publica\u00e7\u00e3o, revogando-se as disposi\u00e7\u00f5es em contr\u00e1rio.<\/p>\n\n\n\n<p><\/p>\n\n\n\n<p>Uni\u00e3o dos Palmares, Alagoas, 4 de agosto de 2025.<\/p>\n\n\n\n<p><\/p>\n\n\n\n<p><strong>JOS\u00c9 IRAN MENEZES DA SILVA JUNIOR<\/strong><\/p>\n\n\n\n<p>Prefeito<\/p>\n\n\n\n<p><\/p>\n","protected":false},"excerpt":{"rendered":"<p>ESTABELECE PROCEDIMENTOS PARA A PARTICIPA\u00c7\u00c3O DE PESSOA F\u00cdSICA NAS CONTRATA\u00c7\u00d5ES P\u00daBLICAS DE QUE TRATA A LEI FEDERAL N\u00ba 14.133\/2021, NO \u00c2MBITO DA ADMINISTRA\u00c7\u00c3O P\u00daBLICA MUNICIPAL. O PREFEITO DE UNI\u00c3O DOS PALMARES, ALAGOAS, no uso da atribui\u00e7\u00e3o que lhe confere a Lei Org\u00e2nica Municipal; CONSIDERANDO o disposto na Lei Federal n\u00ba 14.133, de 1\u00ba de abril [&hellip;]<\/p>\n","protected":false},"author":2,"featured_media":0,"comment_status":"open","ping_status":"open","sticky":false,"template":"","format":"standard","meta":{"footnotes":""},"categories":[8],"tags":[],"class_list":["post-4738","post","type-post","status-publish","format-standard","hentry","category-decretos"],"_links":{"self":[{"href":"https:\/\/www.diariomunicipal-al.com.br\/uniao\/wp-json\/wp\/v2\/posts\/4738","targetHints":{"allow":["GET"]}}],"collection":[{"href":"https:\/\/www.diariomunicipal-al.com.br\/uniao\/wp-json\/wp\/v2\/posts"}],"about":[{"href":"https:\/\/www.diariomunicipal-al.com.br\/uniao\/wp-json\/wp\/v2\/types\/post"}],"author":[{"embeddable":true,"href":"https:\/\/www.diariomunicipal-al.com.br\/uniao\/wp-json\/wp\/v2\/users\/2"}],"replies":[{"embeddable":true,"href":"https:\/\/www.diariomunicipal-al.com.br\/uniao\/wp-json\/wp\/v2\/comments?post=4738"}],"version-history":[{"count":2,"href":"https:\/\/www.diariomunicipal-al.com.br\/uniao\/wp-json\/wp\/v2\/posts\/4738\/revisions"}],"predecessor-version":[{"id":4759,"href":"https:\/\/www.diariomunicipal-al.com.br\/uniao\/wp-json\/wp\/v2\/posts\/4738\/revisions\/4759"}],"wp:attachment":[{"href":"https:\/\/www.diariomunicipal-al.com.br\/uniao\/wp-json\/wp\/v2\/media?parent=4738"}],"wp:term":[{"taxonomy":"category","embeddable":true,"href":"https:\/\/www.diariomunicipal-al.com.br\/uniao\/wp-json\/wp\/v2\/categories?post=4738"},{"taxonomy":"post_tag","embeddable":true,"href":"https:\/\/www.diariomunicipal-al.com.br\/uniao\/wp-json\/wp\/v2\/tags?post=4738"}],"curies":[{"name":"wp","href":"https:\/\/api.w.org\/{rel}","templated":true}]}}