{"id":4823,"date":"2025-10-29T09:54:28","date_gmt":"2025-10-29T12:54:28","guid":{"rendered":"https:\/\/www.diariomunicipal-al.com.br\/uniao\/?p=4823"},"modified":"2025-10-29T09:54:29","modified_gmt":"2025-10-29T12:54:29","slug":"aviso-de-adesao-a-registro-de-precos-2","status":"publish","type":"post","link":"https:\/\/www.diariomunicipal-al.com.br\/uniao\/aviso-de-adesao-a-registro-de-precos-2\/","title":{"rendered":"Aviso de Ades\u00e3o a Registro de Pre\u00e7os"},"content":{"rendered":"\n<p>MUNIC\u00cdPIO DE UNI\u00c3O DOS PALMARES<\/p>\n\n\n\n<p>Aviso de Ades\u00e3o a Registro de Pre\u00e7os<\/p>\n\n\n\n<p>Processo n\u00ba 1002093000022025<\/p>\n\n\n\n<p>Face ao constante nos autos do presente processo, DECLARO a Ades\u00e3o \u00e0 Ata de Registro de Pre\u00e7os n\u00ba 02\/2025 do Preg\u00e3o Eletr\u00f4nico n\u00ba 01\/2025 do Cons\u00f3rcio Intermunicipal do Agreste Alagoano &#8211; CONAGRESTE, que tem por objeto a contrata\u00e7\u00e3o de empresa especializada no fornecimento de sistemas informatizados de Gest\u00e3o P\u00fablica Educacional, englobando cess\u00e3o do direito de uso, instala\u00e7\u00e3o, implanta\u00e7\u00e3o, migra\u00e7\u00e3o de dados, fornecimento de equipamentos, treinamento, customiza\u00e7\u00e3o, adequa\u00e7\u00e3o, suporte t\u00e9cnico, atualiza\u00e7\u00e3o tecnol\u00f3gica e assist\u00eancia t\u00e9cnica dos referidos sistemas, visando \u00e0 melhoria da efici\u00eancia, efic\u00e1cia e efetividade no desempenho de todas as atividades, servi\u00e7os prestados e no alcance dos resultados planejados pelo Munic\u00edpio de Uni\u00e3o dos Palmares\/AL. A presente ades\u00e3o fundamenta-se na Lei Federal n\u00ba 14.1333\/21.<\/p>\n\n\n\n<p>JOS\u00c9 IRAN MENEZES DA SILVA JUNIOR Prefeito<\/p>\n","protected":false},"excerpt":{"rendered":"<p>MUNIC\u00cdPIO DE UNI\u00c3O DOS PALMARES Aviso de Ades\u00e3o a Registro de Pre\u00e7os Processo n\u00ba 1002093000022025 Face ao constante nos autos do presente processo, DECLARO a Ades\u00e3o \u00e0 Ata de Registro de Pre\u00e7os n\u00ba 02\/2025 do Preg\u00e3o Eletr\u00f4nico n\u00ba 01\/2025 do Cons\u00f3rcio Intermunicipal do Agreste Alagoano &#8211; CONAGRESTE, que tem por objeto a contrata\u00e7\u00e3o de empresa [&hellip;]<\/p>\n","protected":false},"author":5,"featured_media":0,"comment_status":"open","ping_status":"open","sticky":false,"template":"","format":"standard","meta":{"footnotes":""},"categories":[1],"tags":[],"class_list":["post-4823","post","type-post","status-publish","format-standard","hentry","category-licitacoes"],"_links":{"self":[{"href":"https:\/\/www.diariomunicipal-al.com.br\/uniao\/wp-json\/wp\/v2\/posts\/4823","targetHints":{"allow":["GET"]}}],"collection":[{"href":"https:\/\/www.diariomunicipal-al.com.br\/uniao\/wp-json\/wp\/v2\/posts"}],"about":[{"href":"https:\/\/www.diariomunicipal-al.com.br\/uniao\/wp-json\/wp\/v2\/types\/post"}],"author":[{"embeddable":true,"href":"https:\/\/www.diariomunicipal-al.com.br\/uniao\/wp-json\/wp\/v2\/users\/5"}],"replies":[{"embeddable":true,"href":"https:\/\/www.diariomunicipal-al.com.br\/uniao\/wp-json\/wp\/v2\/comments?post=4823"}],"version-history":[{"count":1,"href":"https:\/\/www.diariomunicipal-al.com.br\/uniao\/wp-json\/wp\/v2\/posts\/4823\/revisions"}],"predecessor-version":[{"id":4824,"href":"https:\/\/www.diariomunicipal-al.com.br\/uniao\/wp-json\/wp\/v2\/posts\/4823\/revisions\/4824"}],"wp:attachment":[{"href":"https:\/\/www.diariomunicipal-al.com.br\/uniao\/wp-json\/wp\/v2\/media?parent=4823"}],"wp:term":[{"taxonomy":"category","embeddable":true,"href":"https:\/\/www.diariomunicipal-al.com.br\/uniao\/wp-json\/wp\/v2\/categories?post=4823"},{"taxonomy":"post_tag","embeddable":true,"href":"https:\/\/www.diariomunicipal-al.com.br\/uniao\/wp-json\/wp\/v2\/tags?post=4823"}],"curies":[{"name":"wp","href":"https:\/\/api.w.org\/{rel}","templated":true}]}}