{"id":4827,"date":"2025-10-29T09:56:07","date_gmt":"2025-10-29T12:56:07","guid":{"rendered":"https:\/\/www.diariomunicipal-al.com.br\/uniao\/?p=4827"},"modified":"2025-10-29T09:56:07","modified_gmt":"2025-10-29T12:56:07","slug":"aviso-de-licitacao-pregao-eletronico-no-19-2025-1-2","status":"publish","type":"post","link":"https:\/\/www.diariomunicipal-al.com.br\/uniao\/aviso-de-licitacao-pregao-eletronico-no-19-2025-1-2\/","title":{"rendered":"AVISO DE LICITA\u00c7\u00c3O &#8211; PREG\u00c3O ELETR\u00d4NICO N\u00ba 19\/2025-1"},"content":{"rendered":"\n<p>MUNIC\u00cdPIO DE UNI\u00c3O DOS PALMARES\/AL<\/p>\n\n\n\n<p>AVISO DE LICITA\u00c7\u00c3O<\/p>\n\n\n\n<p>PREG\u00c3O ELETR\u00d4NICO N\u00ba 19\/2025-1<\/p>\n\n\n\n<p>Modalidade\/N\u00ba: Preg\u00e3o Eletr\u00f4nico n\u00ba 19\/2025-1 \u2013 Tipo: Menor Pre\u00e7o \u2013 Objeto: Contrata\u00e7\u00e3o do Servi\u00e7o Continuado de Manuten\u00e7\u00e3o de Ve\u00edculos Leves e Pesados com Reposi\u00e7\u00e3o de Pe\u00e7as, a serem executados sob Regime de Dedica\u00e7\u00e3o Exclusiva de M\u00e3o de Obra \u2013 Data\/Hor\u00e1rio: 13 de novembro de 2025, \u00e0s 10:00 (dez horas) &#8211; (hor\u00e1rio de Bras\u00edlia) \u2013 O Edital em inteiro teor encontra-se dispon\u00edvel no site: http:\/\/bnc.org.br\/, no portal do munic\u00edpio, atrav\u00e9s do site http:\/\/www.uniaodospalmares.al.gov.br, no endere\u00e7o sede da Prefeitura localizada na Rua Marechal Deodoro da Fonseca, Centro, CEP 57.800-000, em dias \u00fateis, no hor\u00e1rio das 08 \u00e0s 13 horas, ou por meio eletr\u00f4nico, mediante solicita\u00e7\u00e3o enviada ao e-mail: <a href=\"mailto:licitacoes@uniaodospalmares.al.gov.br\">licitacoes@uniaodospalmares.al.gov.br<\/a><\/p>\n\n\n\n<p>Hewerton Ruan Lino Canabarra<\/p>\n\n\n\n<p>Pregoeiro<\/p>\n\n\n\n<div data-wp-interactive=\"core\/file\" class=\"wp-block-file\"><object data-wp-bind--hidden=\"!state.hasPdfPreview\" hidden class=\"wp-block-file__embed\" data=\"https:\/\/www.diariomunicipal-al.com.br\/uniao\/wp-content\/uploads\/2025\/10\/EDITAL-PE-19-2025-1-MANUTENCAO-VEICULAR.pdf\" type=\"application\/pdf\" style=\"width:100%;height:600px\" aria-label=\"Incorporado de EDITAL - PE 19-2025-1 - MANUTEN\u00c7\u00c3O VEICULAR.\"><\/object><a id=\"wp-block-file--media-556fff6f-c160-45bc-9793-3fb3cd04ac36\" href=\"https:\/\/www.diariomunicipal-al.com.br\/uniao\/wp-content\/uploads\/2025\/10\/EDITAL-PE-19-2025-1-MANUTENCAO-VEICULAR.pdf\">EDITAL &#8211; PE 19-2025-1 &#8211; MANUTEN\u00c7\u00c3O VEICULAR<\/a><a href=\"https:\/\/www.diariomunicipal-al.com.br\/uniao\/wp-content\/uploads\/2025\/10\/EDITAL-PE-19-2025-1-MANUTENCAO-VEICULAR.pdf\" class=\"wp-block-file__button wp-element-button\" download aria-describedby=\"wp-block-file--media-556fff6f-c160-45bc-9793-3fb3cd04ac36\">Baixar<\/a><\/div>\n","protected":false},"excerpt":{"rendered":"<p>MUNIC\u00cdPIO DE UNI\u00c3O DOS PALMARES\/AL AVISO DE LICITA\u00c7\u00c3O PREG\u00c3O ELETR\u00d4NICO N\u00ba 19\/2025-1 Modalidade\/N\u00ba: Preg\u00e3o Eletr\u00f4nico n\u00ba 19\/2025-1 \u2013 Tipo: Menor Pre\u00e7o \u2013 Objeto: Contrata\u00e7\u00e3o do Servi\u00e7o Continuado de Manuten\u00e7\u00e3o de Ve\u00edculos Leves e Pesados com Reposi\u00e7\u00e3o de Pe\u00e7as, a serem executados sob Regime de Dedica\u00e7\u00e3o Exclusiva de M\u00e3o de Obra \u2013 Data\/Hor\u00e1rio: 13 de novembro [&hellip;]<\/p>\n","protected":false},"author":5,"featured_media":0,"comment_status":"open","ping_status":"open","sticky":false,"template":"","format":"standard","meta":{"footnotes":""},"categories":[1],"tags":[],"class_list":["post-4827","post","type-post","status-publish","format-standard","hentry","category-licitacoes"],"_links":{"self":[{"href":"https:\/\/www.diariomunicipal-al.com.br\/uniao\/wp-json\/wp\/v2\/posts\/4827","targetHints":{"allow":["GET"]}}],"collection":[{"href":"https:\/\/www.diariomunicipal-al.com.br\/uniao\/wp-json\/wp\/v2\/posts"}],"about":[{"href":"https:\/\/www.diariomunicipal-al.com.br\/uniao\/wp-json\/wp\/v2\/types\/post"}],"author":[{"embeddable":true,"href":"https:\/\/www.diariomunicipal-al.com.br\/uniao\/wp-json\/wp\/v2\/users\/5"}],"replies":[{"embeddable":true,"href":"https:\/\/www.diariomunicipal-al.com.br\/uniao\/wp-json\/wp\/v2\/comments?post=4827"}],"version-history":[{"count":1,"href":"https:\/\/www.diariomunicipal-al.com.br\/uniao\/wp-json\/wp\/v2\/posts\/4827\/revisions"}],"predecessor-version":[{"id":4829,"href":"https:\/\/www.diariomunicipal-al.com.br\/uniao\/wp-json\/wp\/v2\/posts\/4827\/revisions\/4829"}],"wp:attachment":[{"href":"https:\/\/www.diariomunicipal-al.com.br\/uniao\/wp-json\/wp\/v2\/media?parent=4827"}],"wp:term":[{"taxonomy":"category","embeddable":true,"href":"https:\/\/www.diariomunicipal-al.com.br\/uniao\/wp-json\/wp\/v2\/categories?post=4827"},{"taxonomy":"post_tag","embeddable":true,"href":"https:\/\/www.diariomunicipal-al.com.br\/uniao\/wp-json\/wp\/v2\/tags?post=4827"}],"curies":[{"name":"wp","href":"https:\/\/api.w.org\/{rel}","templated":true}]}}