{"id":486,"date":"2021-02-11T16:12:19","date_gmt":"2021-02-11T18:12:19","guid":{"rendered":"https:\/\/www.diariomunicipal-al.com.br\/uniao\/?p=486"},"modified":"2021-02-11T16:12:19","modified_gmt":"2021-02-11T18:12:19","slug":"pregao-presencial-n-02-2021","status":"publish","type":"post","link":"https:\/\/www.diariomunicipal-al.com.br\/uniao\/pregao-presencial-n-02-2021\/","title":{"rendered":"Preg\u00e3o Presencial n\u00b0 02\/2021"},"content":{"rendered":"\n<h5 class=\"has-text-align-center wp-block-heading\">Estado de Alagoas<\/h5>\n\n\n\n<h5 class=\"has-text-align-center wp-block-heading\">Prefeitura Municipal de Uni\u00e3o dos Palmares<\/h5>\n\n\n\n<p class=\"has-text-align-center\">Avisos de Licita\u00e7\u00f5es<\/p>\n\n\n\n<p>Preg\u00e3o Presencial n\u00b0 02\/2021. Objeto: Aquisi\u00e7\u00e3o e recarga de \u00e1gua mineral e botij\u00f5es retorn\u00e1veis. Data: 26\/02\/2021, \u00e0s 10h00min.<\/p>\n\n\n\n<p>Editais Dispon\u00edveis na Rua Marechal Deodoro da Fonseca, s\/n, Centro, Uni\u00e3o dos Palmares\/AL, no s\u00edtio www.uniaodospalmares.al.gov.br ou ainda pelo e-mail licitauniao@gmail.com.<\/p>\n\n\n\n<p class=\"has-text-align-center\">Amanda S. de Oliveira \u2013 Pregoeira.<\/p>\n\n\n\n<div class=\"wp-block-file\"><a href=\"https:\/\/www.diariomunicipal-al.com.br\/uniao\/wp-content\/uploads\/2021\/02\/EDITAL-PP-02-2021-AGUA-MINERAL.pdf\">EDITAL-PP-02-2021-AGUA-MINERAL<\/a><a href=\"https:\/\/www.diariomunicipal-al.com.br\/uniao\/wp-content\/uploads\/2021\/02\/EDITAL-PP-02-2021-AGUA-MINERAL.pdf\" class=\"wp-block-file__button\" download>Baixar<\/a><\/div>\n","protected":false},"excerpt":{"rendered":"<p>Estado de Alagoas Prefeitura Municipal de Uni\u00e3o dos Palmares Avisos de Licita\u00e7\u00f5es Preg\u00e3o Presencial n\u00b0 02\/2021. Objeto: Aquisi\u00e7\u00e3o e recarga de \u00e1gua mineral e botij\u00f5es retorn\u00e1veis. Data: 26\/02\/2021, \u00e0s 10h00min. Editais Dispon\u00edveis na Rua Marechal Deodoro da Fonseca, s\/n, Centro, Uni\u00e3o dos Palmares\/AL, no s\u00edtio www.uniaodospalmares.al.gov.br ou ainda pelo e-mail licitauniao@gmail.com. Amanda S. de Oliveira [&hellip;]<\/p>\n","protected":false},"author":5,"featured_media":0,"comment_status":"open","ping_status":"open","sticky":false,"template":"","format":"standard","meta":{"footnotes":""},"categories":[3,1],"tags":[],"class_list":["post-486","post","type-post","status-publish","format-standard","hentry","category-edital","category-licitacoes"],"_links":{"self":[{"href":"https:\/\/www.diariomunicipal-al.com.br\/uniao\/wp-json\/wp\/v2\/posts\/486","targetHints":{"allow":["GET"]}}],"collection":[{"href":"https:\/\/www.diariomunicipal-al.com.br\/uniao\/wp-json\/wp\/v2\/posts"}],"about":[{"href":"https:\/\/www.diariomunicipal-al.com.br\/uniao\/wp-json\/wp\/v2\/types\/post"}],"author":[{"embeddable":true,"href":"https:\/\/www.diariomunicipal-al.com.br\/uniao\/wp-json\/wp\/v2\/users\/5"}],"replies":[{"embeddable":true,"href":"https:\/\/www.diariomunicipal-al.com.br\/uniao\/wp-json\/wp\/v2\/comments?post=486"}],"version-history":[{"count":1,"href":"https:\/\/www.diariomunicipal-al.com.br\/uniao\/wp-json\/wp\/v2\/posts\/486\/revisions"}],"predecessor-version":[{"id":488,"href":"https:\/\/www.diariomunicipal-al.com.br\/uniao\/wp-json\/wp\/v2\/posts\/486\/revisions\/488"}],"wp:attachment":[{"href":"https:\/\/www.diariomunicipal-al.com.br\/uniao\/wp-json\/wp\/v2\/media?parent=486"}],"wp:term":[{"taxonomy":"category","embeddable":true,"href":"https:\/\/www.diariomunicipal-al.com.br\/uniao\/wp-json\/wp\/v2\/categories?post=486"},{"taxonomy":"post_tag","embeddable":true,"href":"https:\/\/www.diariomunicipal-al.com.br\/uniao\/wp-json\/wp\/v2\/tags?post=486"}],"curies":[{"name":"wp","href":"https:\/\/api.w.org\/{rel}","templated":true}]}}