{"id":4891,"date":"2025-11-03T10:47:00","date_gmt":"2025-11-03T13:47:00","guid":{"rendered":"https:\/\/www.diariomunicipal-al.com.br\/uniao\/?p=4891"},"modified":"2025-11-11T15:01:11","modified_gmt":"2025-11-11T18:01:11","slug":"portaria-no-224-de-3-de-novembro-de-2025","status":"publish","type":"post","link":"https:\/\/www.diariomunicipal-al.com.br\/uniao\/portaria-no-224-de-3-de-novembro-de-2025\/","title":{"rendered":"PORTARIA N\u00ba 224, DE 3 DE NOVEMBRO DE 2025."},"content":{"rendered":"\n<p>NOMEIA REPRESENTANTE DA ASSOCIA\u00c7\u00c3O REMANESCENTE DO QUILOMBO MUQU\u00c9M PARA A COMISS\u00c3O INTERSETORIAL DO SELO UNICEF \u2013 EDI\u00c7\u00c3O 2025\/2028.<\/p>\n\n\n\n<p><\/p>\n\n\n\n<p><strong>O PREFEITO DE UNI\u00c3O DOS PALMARES, ALAGOAS,<\/strong> no uso da atribui\u00e7\u00e3o que lhe confere a Lei Org\u00e2nica Municipal, nos termos da Portaria n\u00ba 215\/2025, que instituiu a COMISS\u00c3O INTERSETORIAL DO SELO UNICEF \u2013 Edi\u00e7\u00e3o 2025\/2028 no Munic\u00edpio de Uni\u00e3o dos Palmares;<\/p>\n\n\n\n<p><\/p>\n\n\n\n<p><strong>RESOLVE:<\/strong><\/p>\n\n\n\n<p><\/p>\n\n\n\n<p><strong>Art. 1\u00ba <\/strong>Nomear <strong>ALBERTINA NUNES DA SILVA, <\/strong>representante da Associa\u00e7\u00e3o Remanescente do Quilombo Muqu\u00e9m, para integrar a Comiss\u00e3o Intersetorial do Selo UNICEF \u2013 Edi\u00e7\u00e3o 2025\/2028 de Uni\u00e3o dos Palmares, Alagoas<\/p>\n\n\n\n<p><strong>Art. 2\u00ba <\/strong>Esta portaria entra em vigor na data de sua publica\u00e7\u00e3o, revogadas as disposi\u00e7\u00f5es em contr\u00e1rio.<\/p>\n\n\n\n<p><\/p>\n\n\n\n<p>Uni\u00e3o dos Palmares, 3 de novembro de 2025.<\/p>\n\n\n\n<p><\/p>\n\n\n\n<p><strong>JOS\u00c9 IRAN MENEZES DA SILVA JUNIOR<\/strong><\/p>\n\n\n\n<p>Prefeito<\/p>\n","protected":false},"excerpt":{"rendered":"<p>NOMEIA REPRESENTANTE DA ASSOCIA\u00c7\u00c3O REMANESCENTE DO QUILOMBO MUQU\u00c9M PARA A COMISS\u00c3O INTERSETORIAL DO SELO UNICEF \u2013 EDI\u00c7\u00c3O 2025\/2028. O PREFEITO DE UNI\u00c3O DOS PALMARES, ALAGOAS, no uso da atribui\u00e7\u00e3o que lhe confere a Lei Org\u00e2nica Municipal, nos termos da Portaria n\u00ba 215\/2025, que instituiu a COMISS\u00c3O INTERSETORIAL DO SELO UNICEF \u2013 Edi\u00e7\u00e3o 2025\/2028 no Munic\u00edpio [&hellip;]<\/p>\n","protected":false},"author":2,"featured_media":0,"comment_status":"open","ping_status":"open","sticky":false,"template":"","format":"standard","meta":{"footnotes":""},"categories":[6],"tags":[],"class_list":["post-4891","post","type-post","status-publish","format-standard","hentry","category-portarias"],"_links":{"self":[{"href":"https:\/\/www.diariomunicipal-al.com.br\/uniao\/wp-json\/wp\/v2\/posts\/4891","targetHints":{"allow":["GET"]}}],"collection":[{"href":"https:\/\/www.diariomunicipal-al.com.br\/uniao\/wp-json\/wp\/v2\/posts"}],"about":[{"href":"https:\/\/www.diariomunicipal-al.com.br\/uniao\/wp-json\/wp\/v2\/types\/post"}],"author":[{"embeddable":true,"href":"https:\/\/www.diariomunicipal-al.com.br\/uniao\/wp-json\/wp\/v2\/users\/2"}],"replies":[{"embeddable":true,"href":"https:\/\/www.diariomunicipal-al.com.br\/uniao\/wp-json\/wp\/v2\/comments?post=4891"}],"version-history":[{"count":1,"href":"https:\/\/www.diariomunicipal-al.com.br\/uniao\/wp-json\/wp\/v2\/posts\/4891\/revisions"}],"predecessor-version":[{"id":4892,"href":"https:\/\/www.diariomunicipal-al.com.br\/uniao\/wp-json\/wp\/v2\/posts\/4891\/revisions\/4892"}],"wp:attachment":[{"href":"https:\/\/www.diariomunicipal-al.com.br\/uniao\/wp-json\/wp\/v2\/media?parent=4891"}],"wp:term":[{"taxonomy":"category","embeddable":true,"href":"https:\/\/www.diariomunicipal-al.com.br\/uniao\/wp-json\/wp\/v2\/categories?post=4891"},{"taxonomy":"post_tag","embeddable":true,"href":"https:\/\/www.diariomunicipal-al.com.br\/uniao\/wp-json\/wp\/v2\/tags?post=4891"}],"curies":[{"name":"wp","href":"https:\/\/api.w.org\/{rel}","templated":true}]}}