{"id":4893,"date":"2025-11-11T15:06:00","date_gmt":"2025-11-11T18:06:00","guid":{"rendered":"https:\/\/www.diariomunicipal-al.com.br\/uniao\/?p=4893"},"modified":"2025-11-11T15:06:00","modified_gmt":"2025-11-11T18:06:00","slug":"decreto-no-080-de-11-de-novembro-de-2025","status":"publish","type":"post","link":"https:\/\/www.diariomunicipal-al.com.br\/uniao\/decreto-no-080-de-11-de-novembro-de-2025\/","title":{"rendered":"DECRETO N\u00ba 080, DE 11 DE NOVEMBRO DE 2025."},"content":{"rendered":"\n<p>INSTITUI O COMIT\u00ca GESTOR DA ESCUTA ESPECIALIZADA E DEPOIMENTO ESPECIAL NO \u00c2MBITO DO MUNIC\u00cdPIO DE UNI\u00c3O DOS PALMARES, ALAGOAS, E D\u00c1 OUTRAS PROVID\u00caNCIAS.<\/p>\n\n\n\n<p><\/p>\n\n\n\n<p><strong>O PREFEITO DE UNI\u00c3O DOS PALMARES, ALAGOAS,<\/strong> no uso da atribui\u00e7\u00e3o que lhe confere a Lei Org\u00e2nica Municipal;<\/p>\n\n\n\n<p><strong>CONSIDERANDO<\/strong> a Lei Federal n\u00ba 13.431, de 4 de abril de 2017, que estabelece a garantia direitos da crian\u00e7a e do adolescente v\u00edtima ou testemunha de viol\u00eancia, promovendo atendimento protegido e especializado para realiza\u00e7\u00e3o de den\u00fancias;&nbsp;<\/p>\n\n\n\n<p><strong>CONSIDERANDO <\/strong>a instaura\u00e7\u00e3o de Procedimento Administrativo (MP n\u00ba 09.2024.00000203-3) por parte do Promotor de Justi\u00e7a da Inf\u00e2ncia e Juventude de Uni\u00e3o dos Palmares, com vistas a fiscalizar o cumprimento da Lei n\u00ba 13.431\/2017, ap\u00f3s reuni\u00e3o realizada entre os \u00f3rg\u00e3os municipais respons\u00e1veis pela garantia de direitos da crian\u00e7a e do adolescente;<\/p>\n\n\n\n<p><strong>CONSIDERANDO<\/strong> que o Comit\u00ea ora institu\u00eddo possui fun\u00e7\u00e3o primordial de estabelecer fluxos operacionais para atua\u00e7\u00e3o eficaz dos \u00f3rg\u00e3os de prote\u00e7\u00e3o, alinhado \u00e0s diretrizes da Lei n\u00ba 8.069\/1990 &#8211; Estatuto da Crian\u00e7a e Adolescente e da Lei n\u00ba 13.431\/2017;<\/p>\n\n\n\n<p><\/p>\n\n\n\n<p><strong>DECRETA:<\/strong><\/p>\n\n\n\n<p><\/p>\n\n\n\n<p><strong>Art. 1\u00ba<\/strong> Fica institu\u00eddo o Comit\u00ea Gestor da Escuta Especializada e Depoimento Especial do Munic\u00edpio de Uni\u00e3o dos Palmares, Alagoas, devendo ser composto pelos seguintes \u00f3rg\u00e3os e entidades:<\/p>\n\n\n\n<ol class=\"wp-block-list\">\n<li>1 (um) representante da Secretaria Municipal de Educa\u00e7\u00e3o;<\/li>\n\n\n\n<li>1 (um) representante da Secretaria Municipal de Inf\u00e2ncia e Juventude;<\/li>\n\n\n\n<li>1 (um) representante da Secretaria Municipal de Sa\u00fade;<\/li>\n\n\n\n<li>2 (dois) representantes da Secretaria Municipal de Assist\u00eancia Social;<\/li>\n\n\n\n<li>1 (um) representante do Conselho Municipal dos Direitos da Crian\u00e7a e Adolescente;<\/li>\n\n\n\n<li>1 (um) representante do Conselho Tutelar;<\/li>\n\n\n\n<li>2 (dois representantes do N\u00facleo de Cidadania de Adolescentes;<\/li>\n\n\n\n<li>1 (um) representante do Minist\u00e9rio P\u00fablico de Alagoas;<\/li>\n\n\n\n<li>1 (um) representante da Ordem dos Advogados do Brasil<strong>;<\/strong><\/li>\n\n\n\n<li>1 (um) representante da Pol\u00edcia Militar de Alagoas;<\/li>\n\n\n\n<li>1 (um) representante da Pol\u00edcia Civil de Alagoas;<\/li>\n\n\n\n<li>1 (um) representante da Associa\u00e7\u00e3o dos Remanescentes do Quilombo S\u00edtio Muqu\u00e9m.<\/li>\n<\/ol>\n\n\n\n<p><strong>Art. 2\u00ba <\/strong>Este decreto entra em vigor na data de sua publica\u00e7\u00e3o, ficando revogado o Decreto n\u00ba 01\/2024, de 28 de fevereiro de 2024, e demais disposi\u00e7\u00f5es em contr\u00e1rio.<\/p>\n\n\n\n<p><\/p>\n\n\n\n<p>Uni\u00e3o dos Palmares, Alagoas, 11 de novembro de 2025.<\/p>\n\n\n\n<p><\/p>\n\n\n\n<p><strong>JOS\u00c9 IRAN MENEZES DA SILVA JUNIOR<\/strong><\/p>\n\n\n\n<p>Prefeito<\/p>\n","protected":false},"excerpt":{"rendered":"<p>INSTITUI O COMIT\u00ca GESTOR DA ESCUTA ESPECIALIZADA E DEPOIMENTO ESPECIAL NO \u00c2MBITO DO MUNIC\u00cdPIO DE UNI\u00c3O DOS PALMARES, ALAGOAS, E D\u00c1 OUTRAS PROVID\u00caNCIAS. O PREFEITO DE UNI\u00c3O DOS PALMARES, ALAGOAS, no uso da atribui\u00e7\u00e3o que lhe confere a Lei Org\u00e2nica Municipal; CONSIDERANDO a Lei Federal n\u00ba 13.431, de 4 de abril de 2017, que estabelece [&hellip;]<\/p>\n","protected":false},"author":2,"featured_media":0,"comment_status":"open","ping_status":"open","sticky":false,"template":"","format":"standard","meta":{"footnotes":""},"categories":[8],"tags":[],"class_list":["post-4893","post","type-post","status-publish","format-standard","hentry","category-decretos"],"_links":{"self":[{"href":"https:\/\/www.diariomunicipal-al.com.br\/uniao\/wp-json\/wp\/v2\/posts\/4893","targetHints":{"allow":["GET"]}}],"collection":[{"href":"https:\/\/www.diariomunicipal-al.com.br\/uniao\/wp-json\/wp\/v2\/posts"}],"about":[{"href":"https:\/\/www.diariomunicipal-al.com.br\/uniao\/wp-json\/wp\/v2\/types\/post"}],"author":[{"embeddable":true,"href":"https:\/\/www.diariomunicipal-al.com.br\/uniao\/wp-json\/wp\/v2\/users\/2"}],"replies":[{"embeddable":true,"href":"https:\/\/www.diariomunicipal-al.com.br\/uniao\/wp-json\/wp\/v2\/comments?post=4893"}],"version-history":[{"count":1,"href":"https:\/\/www.diariomunicipal-al.com.br\/uniao\/wp-json\/wp\/v2\/posts\/4893\/revisions"}],"predecessor-version":[{"id":4896,"href":"https:\/\/www.diariomunicipal-al.com.br\/uniao\/wp-json\/wp\/v2\/posts\/4893\/revisions\/4896"}],"wp:attachment":[{"href":"https:\/\/www.diariomunicipal-al.com.br\/uniao\/wp-json\/wp\/v2\/media?parent=4893"}],"wp:term":[{"taxonomy":"category","embeddable":true,"href":"https:\/\/www.diariomunicipal-al.com.br\/uniao\/wp-json\/wp\/v2\/categories?post=4893"},{"taxonomy":"post_tag","embeddable":true,"href":"https:\/\/www.diariomunicipal-al.com.br\/uniao\/wp-json\/wp\/v2\/tags?post=4893"}],"curies":[{"name":"wp","href":"https:\/\/api.w.org\/{rel}","templated":true}]}}