{"id":4897,"date":"2025-11-11T15:10:14","date_gmt":"2025-11-11T18:10:14","guid":{"rendered":"https:\/\/www.diariomunicipal-al.com.br\/uniao\/?p=4897"},"modified":"2025-11-11T15:10:14","modified_gmt":"2025-11-11T18:10:14","slug":"portaria-no-225-de-11-de-novembro-de-2025","status":"publish","type":"post","link":"https:\/\/www.diariomunicipal-al.com.br\/uniao\/portaria-no-225-de-11-de-novembro-de-2025\/","title":{"rendered":"PORTARIA N\u00ba 225, DE 11 DE NOVEMBRO DE 2025."},"content":{"rendered":"\n<p>NOMEIA OS MEMBROS DO COMIT\u00ca GESTOR DA ESCUTA ESPECIALIZADA E DEPOIMENTO ESPECIAL DE UNI\u00c3O DOS PALMARES.<\/p>\n\n\n\n<p><\/p>\n\n\n\n<p><strong>O PREFEITO DE UNI\u00c3O DOS PALMARES, ALAGOAS,<\/strong> no uso da atribui\u00e7\u00e3o que lhe confere a Lei Org\u00e2nica Municipal;<\/p>\n\n\n\n<p><strong>CONSIDERANDO <\/strong>as diretrizes e atribui\u00e7\u00f5es estabelecidas pela Lei Federal n\u00ba 8.069\/1990 &#8211; Estatuto da Crian\u00e7a e do Adolescente, Lei Federal n\u00ba 13.431\/2017, que disp\u00f5e sobre a promo\u00e7\u00e3o do atendimento protegido e especializado para a realiza\u00e7\u00e3o de den\u00fancias, e o Decreto Municipal n\u00ba 080\/2025;<\/p>\n\n\n\n<p><\/p>\n\n\n\n<p><strong>RESOLVE:<\/strong><\/p>\n\n\n\n<p><\/p>\n\n\n\n<p><strong>Art. 1\u00ba <\/strong>Nomear os integrantes do Comit\u00ea Gestor da Escuta Especializada e Depoimento Especial do Munic\u00edpio de Uni\u00e3o dos Palmares, Alagoas, passando a ser constitu\u00eddo, a partir desta data, pelos seguintes membros:<\/p>\n\n\n\n<ol class=\"wp-block-list\">\n<li><strong>WEDJA MARIA RODRIGUES ALVES DE QUEIROZ <\/strong>&#8211; Secretaria Municipal de Educa\u00e7\u00e3o;<\/li>\n\n\n\n<li><strong>BARBARA KETHRE SANTOS FIGUEREDO<\/strong> Secretaria Municipal de Inf\u00e2ncia e Juventude;<\/li>\n\n\n\n<li><strong>MARIA HELENA DA SILVA MELO <\/strong>&#8211; Secretaria Municipal de Sa\u00fade;<\/li>\n\n\n\n<li><strong>PRISCILA MIZAEL NOVAES e MARCIA FERNANDA GOMES PEREIRA<\/strong> &#8211; Secretaria Municipal de Assist\u00eancia Social;<\/li>\n\n\n\n<li><strong>ALINE SILVANA BENTO <\/strong>&#8211; Conselho Municipal dos Direitos da Crian\u00e7a e Adolescente;<\/li>\n\n\n\n<li><strong>ANDERSON AUSTREG\u00c9SILO DE ATAYDE SILVA <\/strong>&#8211; Conselho Tutelar;<\/li>\n\n\n\n<li><strong>JUNIOR ALBUQUERQUE PEREIRA e NICOLLY AQUINO DA SILVA<\/strong> &#8211; N\u00facleo de Cidadania de Adolescentes;<\/li>\n\n\n\n<li><strong>LUCAS SACHSIDA CARNEIRO <\/strong>&#8211; Minist\u00e9rio P\u00fablico de Alagoas;<\/li>\n\n\n\n<li><strong>ANIELY LET\u00cdCIA DA SILVA<\/strong> &#8211; Ordem dos Advogados do Brasil;<\/li>\n\n\n\n<li><strong>ERALMARI SANTIAGO ALVES <\/strong>&#8211; Pol\u00edcia Militar de Alagoas;<\/li>\n\n\n\n<li><strong>MARIA LUCIENE VIANA DA SILVA <\/strong>&#8211; Pol\u00edcia Civil de Alagoas;<\/li>\n\n\n\n<li><strong>ALBERTINA NUNES DA SILVA <\/strong>&#8211; Associa\u00e7\u00e3o dos Remanescentes do Quilombo S\u00edtio Muqu\u00e9m.<\/li>\n<\/ol>\n\n\n\n<p><strong>Art. 3\u00ba <\/strong>Esta portaria entra em vigor na data de sua publica\u00e7\u00e3o, revogadas as disposi\u00e7\u00f5es em contr\u00e1rio.<\/p>\n\n\n\n<p><\/p>\n\n\n\n<p>Uni\u00e3o dos Palmares, 11 de novembro de 2025.<\/p>\n\n\n\n<p><\/p>\n\n\n\n<p><strong>JOS\u00c9 IRAN MENEZES DA SILVA JUNIOR<\/strong><\/p>\n\n\n\n<p>Prefeito<\/p>\n","protected":false},"excerpt":{"rendered":"<p>NOMEIA OS MEMBROS DO COMIT\u00ca GESTOR DA ESCUTA ESPECIALIZADA E DEPOIMENTO ESPECIAL DE UNI\u00c3O DOS PALMARES. O PREFEITO DE UNI\u00c3O DOS PALMARES, ALAGOAS, no uso da atribui\u00e7\u00e3o que lhe confere a Lei Org\u00e2nica Municipal; CONSIDERANDO as diretrizes e atribui\u00e7\u00f5es estabelecidas pela Lei Federal n\u00ba 8.069\/1990 &#8211; Estatuto da Crian\u00e7a e do Adolescente, Lei Federal n\u00ba [&hellip;]<\/p>\n","protected":false},"author":2,"featured_media":0,"comment_status":"open","ping_status":"open","sticky":false,"template":"","format":"standard","meta":{"footnotes":""},"categories":[6],"tags":[],"class_list":["post-4897","post","type-post","status-publish","format-standard","hentry","category-portarias"],"_links":{"self":[{"href":"https:\/\/www.diariomunicipal-al.com.br\/uniao\/wp-json\/wp\/v2\/posts\/4897","targetHints":{"allow":["GET"]}}],"collection":[{"href":"https:\/\/www.diariomunicipal-al.com.br\/uniao\/wp-json\/wp\/v2\/posts"}],"about":[{"href":"https:\/\/www.diariomunicipal-al.com.br\/uniao\/wp-json\/wp\/v2\/types\/post"}],"author":[{"embeddable":true,"href":"https:\/\/www.diariomunicipal-al.com.br\/uniao\/wp-json\/wp\/v2\/users\/2"}],"replies":[{"embeddable":true,"href":"https:\/\/www.diariomunicipal-al.com.br\/uniao\/wp-json\/wp\/v2\/comments?post=4897"}],"version-history":[{"count":1,"href":"https:\/\/www.diariomunicipal-al.com.br\/uniao\/wp-json\/wp\/v2\/posts\/4897\/revisions"}],"predecessor-version":[{"id":4898,"href":"https:\/\/www.diariomunicipal-al.com.br\/uniao\/wp-json\/wp\/v2\/posts\/4897\/revisions\/4898"}],"wp:attachment":[{"href":"https:\/\/www.diariomunicipal-al.com.br\/uniao\/wp-json\/wp\/v2\/media?parent=4897"}],"wp:term":[{"taxonomy":"category","embeddable":true,"href":"https:\/\/www.diariomunicipal-al.com.br\/uniao\/wp-json\/wp\/v2\/categories?post=4897"},{"taxonomy":"post_tag","embeddable":true,"href":"https:\/\/www.diariomunicipal-al.com.br\/uniao\/wp-json\/wp\/v2\/tags?post=4897"}],"curies":[{"name":"wp","href":"https:\/\/api.w.org\/{rel}","templated":true}]}}