{"id":4899,"date":"2025-06-12T15:05:33","date_gmt":"2025-06-12T18:05:33","guid":{"rendered":"https:\/\/www.diariomunicipal-al.com.br\/uniao\/?p=4899"},"modified":"2025-11-12T15:06:27","modified_gmt":"2025-11-12T18:06:27","slug":"aviso-de-adesao-a-registro-de-precos-4","status":"publish","type":"post","link":"https:\/\/www.diariomunicipal-al.com.br\/uniao\/aviso-de-adesao-a-registro-de-precos-4\/","title":{"rendered":"Aviso de Ades\u00e3o a Registro de Pre\u00e7os"},"content":{"rendered":"\n<p>MUNIC\u00cdPIO DE UNI\u00c3O DOS PALMARES<\/p>\n\n\n\n<p>Aviso de Ades\u00e3o a Registro de Pre\u00e7os<\/p>\n\n\n\n<p>Processo n\u00ba 1001050900142025<\/p>\n\n\n\n<p>Face ao constante nos autos do presente processo, DECLARO a Ades\u00e3o \u00e0 Ata de Registro de Pre\u00e7os n\u00ba PE25\/2024 do Preg\u00e3o Eletr\u00f4nico n\u00ba 25\/2024 do Munic\u00edpio de P\u00e3o de A\u00e7\u00facar\/AL, que tem por objeto a contrata\u00e7\u00e3o de empresa de presta\u00e7\u00e3o de servi\u00e7os para loca\u00e7\u00e3o de estrutura e m\u00e3o de obra para decora\u00e7\u00e3o e recep\u00e7\u00e3o de eventos. A presente ades\u00e3o fundamenta-se na Lei Federal n\u00ba 14.1333\/21.<\/p>\n\n\n\n<p>JOS\u00c9 IRAN MENEZES DA SILVA JUNIOR<\/p>\n\n\n\n<p>Prefeito<\/p>\n","protected":false},"excerpt":{"rendered":"<p>MUNIC\u00cdPIO DE UNI\u00c3O DOS PALMARES Aviso de Ades\u00e3o a Registro de Pre\u00e7os Processo n\u00ba 1001050900142025 Face ao constante nos autos do presente processo, DECLARO a Ades\u00e3o \u00e0 Ata de Registro de Pre\u00e7os n\u00ba PE25\/2024 do Preg\u00e3o Eletr\u00f4nico n\u00ba 25\/2024 do Munic\u00edpio de P\u00e3o de A\u00e7\u00facar\/AL, que tem por objeto a contrata\u00e7\u00e3o de empresa de presta\u00e7\u00e3o [&hellip;]<\/p>\n","protected":false},"author":5,"featured_media":0,"comment_status":"open","ping_status":"open","sticky":false,"template":"","format":"standard","meta":{"footnotes":""},"categories":[1],"tags":[],"class_list":["post-4899","post","type-post","status-publish","format-standard","hentry","category-licitacoes"],"_links":{"self":[{"href":"https:\/\/www.diariomunicipal-al.com.br\/uniao\/wp-json\/wp\/v2\/posts\/4899","targetHints":{"allow":["GET"]}}],"collection":[{"href":"https:\/\/www.diariomunicipal-al.com.br\/uniao\/wp-json\/wp\/v2\/posts"}],"about":[{"href":"https:\/\/www.diariomunicipal-al.com.br\/uniao\/wp-json\/wp\/v2\/types\/post"}],"author":[{"embeddable":true,"href":"https:\/\/www.diariomunicipal-al.com.br\/uniao\/wp-json\/wp\/v2\/users\/5"}],"replies":[{"embeddable":true,"href":"https:\/\/www.diariomunicipal-al.com.br\/uniao\/wp-json\/wp\/v2\/comments?post=4899"}],"version-history":[{"count":1,"href":"https:\/\/www.diariomunicipal-al.com.br\/uniao\/wp-json\/wp\/v2\/posts\/4899\/revisions"}],"predecessor-version":[{"id":4900,"href":"https:\/\/www.diariomunicipal-al.com.br\/uniao\/wp-json\/wp\/v2\/posts\/4899\/revisions\/4900"}],"wp:attachment":[{"href":"https:\/\/www.diariomunicipal-al.com.br\/uniao\/wp-json\/wp\/v2\/media?parent=4899"}],"wp:term":[{"taxonomy":"category","embeddable":true,"href":"https:\/\/www.diariomunicipal-al.com.br\/uniao\/wp-json\/wp\/v2\/categories?post=4899"},{"taxonomy":"post_tag","embeddable":true,"href":"https:\/\/www.diariomunicipal-al.com.br\/uniao\/wp-json\/wp\/v2\/tags?post=4899"}],"curies":[{"name":"wp","href":"https:\/\/api.w.org\/{rel}","templated":true}]}}