{"id":4984,"date":"2025-10-10T09:48:01","date_gmt":"2025-10-10T12:48:01","guid":{"rendered":"https:\/\/www.diariomunicipal-al.com.br\/uniao\/?p=4984"},"modified":"2026-01-23T11:04:07","modified_gmt":"2026-01-23T14:04:07","slug":"decreto-no-72-a-de-10-de-outubro-de-2025","status":"publish","type":"post","link":"https:\/\/www.diariomunicipal-al.com.br\/uniao\/decreto-no-72-a-de-10-de-outubro-de-2025\/","title":{"rendered":"DECRETO N\u00ba 072-A, DE 10 DE OUTUBRO DE 2025."},"content":{"rendered":"\n<p>DISP\u00d5E SOBRE A ADES\u00c3O E A INSTAURA\u00c7\u00c3O DO PROGRAMA MORADIA LEVAL VII NO MUNIC\u00cdPIO DE UNI\u00c3O DOS PALMARES E D\u00c1 OUTRAS PROVID\u00caNCIAS.<\/p>\n\n\n\n<p><\/p>\n\n\n\n<p><strong>O PREFEITO DE UNI\u00c3O DOS PALMARES, ALAGOAS,<\/strong> no uso da atribui\u00e7\u00e3o que lhe confere a Lei Org\u00e2nica Municipal e a legisla\u00e7\u00e3o vigente;&nbsp;<\/p>\n\n\n\n<p><strong>CONSIDERANDO<\/strong> a imprescindibilidade do interesse p\u00fablico na efetiva\u00e7\u00e3o da regulariza\u00e7\u00e3o fundi\u00e1ria de im\u00f3veis urbanos ocupados por fam\u00edlias de baixa renda, como mecanismo de concretiza\u00e7\u00e3o do direito social \u00e0 moradia digna e de valoriza\u00e7\u00e3o da cidadania;<\/p>\n\n\n\n<p><strong>CONSIDERANDO<\/strong> a edi\u00e7\u00e3o da Lei Federal n\u00ba 13.465\/2017, nos incisos I e II do art. 13, que estabelece as normas e procedimentos para implementar a regulariza\u00e7\u00e3o fundi\u00e1ria dos n\u00facleos urbanos informais sendo elas: REGULARIZA\u00c7\u00c3O FUNDI\u00c1RIA URBANA SOCIAL (REURB-S) E REURB DE INTERESSE ESPEC\u00cdFICO (REURB-E), regulariza\u00e7\u00e3o fundi\u00e1ria aplic\u00e1vel aos n\u00facleos urbanos informais ocupados predominantemente por popula\u00e7\u00e3o de baixa renda, assim declarados em ato do Poder Executivo Municipal;<\/p>\n\n\n\n<p><strong>CONSIDERANDO<\/strong> a institui\u00e7\u00e3o do <strong>Programa Moradia Legal<\/strong>, concebido e executado pelo Tribunal de Justi\u00e7a do Estado de Alagoas, por interm\u00e9dio da Corregedoria-Geral da Justi\u00e7a, com a finalidade de promover a regulariza\u00e7\u00e3o fundi\u00e1ria de forma c\u00e9lere, segura e gratuita;<\/p>\n\n\n\n<p><strong>CONSIDERANDO<\/strong>, por fim, o manifesto interesse do Munic\u00edpio de Uni\u00e3o dos Palmares em aderir ao referido programa, bem como em adotar todas as provid\u00eancias administrativas necess\u00e1rias \u00e0 sua implementa\u00e7\u00e3o;<\/p>\n\n\n\n<p><\/p>\n\n\n\n<p><strong>DECRETA:<\/strong><\/p>\n\n\n\n<p><\/p>\n\n\n\n<p><strong>Art. 1\u00ba<\/strong>&nbsp;Fica instaurado, no \u00e2mbito do Munic\u00edpio de Uni\u00e3o dos Palmares\/AL, o Programa Moradia Legal, a ser executado em coopera\u00e7\u00e3o com o Tribunal de Justi\u00e7a do Estado de Alagoas.<\/p>\n\n\n\n<p><strong>Art. 2\u00ba <\/strong>A execu\u00e7\u00e3o do programa ser\u00e1 coordenada pela Secretaria Municipal de Planejamento, com apoio das demais secretarias e \u00f3rg\u00e3os municipais, sempre que necess\u00e1rio.<\/p>\n\n\n\n<p><strong>Art. 3\u00ba <\/strong>Compete ao Munic\u00edpio de Uni\u00e3o dos Palmares:<\/p>\n\n\n\n<p><strong>I <\/strong>\u2013 Identificar as \u00e1reas pass\u00edveis de regulariza\u00e7\u00e3o fundi\u00e1ria urbana no territ\u00f3rio municipal;\u00a0<\/p>\n\n\n\n<p><strong>II<\/strong> \u2013 Realizar o levantamento socioecon\u00f4mico dos ocupantes e a caracteriza\u00e7\u00e3o fundi\u00e1ria das \u00e1reas;\u00a0<\/p>\n\n\n\n<p><strong>III<\/strong> \u2013 Providenciar os documentos necess\u00e1rios para instru\u00e7\u00e3o dos processos de regulariza\u00e7\u00e3o fundi\u00e1ria;&nbsp;<\/p>\n\n\n\n<p><strong>IV<\/strong> \u2013 Celebrar termo de ades\u00e3o ou coopera\u00e7\u00e3o com o Tribunal de Justi\u00e7a e demais entes envolvidos;&nbsp;<\/p>\n\n\n\n<p><strong>V<\/strong> \u2013 Realizar audi\u00eancias p\u00fablicas e outras formas de participa\u00e7\u00e3o social, quando exigidas pela legisla\u00e7\u00e3o vigente.<\/p>\n\n\n\n<p><strong>Art. 4\u00ba <\/strong>O Munic\u00edpio adotar\u00e1 as medidas administrativas, t\u00e9cnicas, sociais e jur\u00eddicas necess\u00e1rias para efetivar os registros imobili\u00e1rios e a titula\u00e7\u00e3o dos benefici\u00e1rios do programa.<\/p>\n\n\n\n<p><strong>Art. 5\u00ba<\/strong> Este decreto entra em vigor na data de sua publica\u00e7\u00e3o.<\/p>\n\n\n\n<p><\/p>\n\n\n\n<p>Uni\u00e3o dos Palmares, Alagoas, 10 de outubro de 2025.<\/p>\n\n\n\n<p><\/p>\n\n\n\n<p><strong>JOS\u00c9 IRAN MENEZES DA SILVA JUNIOR<\/strong><\/p>\n\n\n\n<p>Prefeito<\/p>\n","protected":false},"excerpt":{"rendered":"<p>DISP\u00d5E SOBRE A ADES\u00c3O E A INSTAURA\u00c7\u00c3O DO PROGRAMA MORADIA LEVAL VII NO MUNIC\u00cdPIO DE UNI\u00c3O DOS PALMARES E D\u00c1 OUTRAS PROVID\u00caNCIAS. O PREFEITO DE UNI\u00c3O DOS PALMARES, ALAGOAS, no uso da atribui\u00e7\u00e3o que lhe confere a Lei Org\u00e2nica Municipal e a legisla\u00e7\u00e3o vigente;&nbsp; CONSIDERANDO a imprescindibilidade do interesse p\u00fablico na efetiva\u00e7\u00e3o da regulariza\u00e7\u00e3o fundi\u00e1ria [&hellip;]<\/p>\n","protected":false},"author":2,"featured_media":0,"comment_status":"open","ping_status":"open","sticky":false,"template":"","format":"standard","meta":{"footnotes":""},"categories":[8],"tags":[],"class_list":["post-4984","post","type-post","status-publish","format-standard","hentry","category-decretos"],"_links":{"self":[{"href":"https:\/\/www.diariomunicipal-al.com.br\/uniao\/wp-json\/wp\/v2\/posts\/4984","targetHints":{"allow":["GET"]}}],"collection":[{"href":"https:\/\/www.diariomunicipal-al.com.br\/uniao\/wp-json\/wp\/v2\/posts"}],"about":[{"href":"https:\/\/www.diariomunicipal-al.com.br\/uniao\/wp-json\/wp\/v2\/types\/post"}],"author":[{"embeddable":true,"href":"https:\/\/www.diariomunicipal-al.com.br\/uniao\/wp-json\/wp\/v2\/users\/2"}],"replies":[{"embeddable":true,"href":"https:\/\/www.diariomunicipal-al.com.br\/uniao\/wp-json\/wp\/v2\/comments?post=4984"}],"version-history":[{"count":2,"href":"https:\/\/www.diariomunicipal-al.com.br\/uniao\/wp-json\/wp\/v2\/posts\/4984\/revisions"}],"predecessor-version":[{"id":5424,"href":"https:\/\/www.diariomunicipal-al.com.br\/uniao\/wp-json\/wp\/v2\/posts\/4984\/revisions\/5424"}],"wp:attachment":[{"href":"https:\/\/www.diariomunicipal-al.com.br\/uniao\/wp-json\/wp\/v2\/media?parent=4984"}],"wp:term":[{"taxonomy":"category","embeddable":true,"href":"https:\/\/www.diariomunicipal-al.com.br\/uniao\/wp-json\/wp\/v2\/categories?post=4984"},{"taxonomy":"post_tag","embeddable":true,"href":"https:\/\/www.diariomunicipal-al.com.br\/uniao\/wp-json\/wp\/v2\/tags?post=4984"}],"curies":[{"name":"wp","href":"https:\/\/api.w.org\/{rel}","templated":true}]}}