{"id":5045,"date":"2025-11-27T08:32:36","date_gmt":"2025-11-27T11:32:36","guid":{"rendered":"https:\/\/www.diariomunicipal-al.com.br\/uniao\/?p=5045"},"modified":"2025-11-28T08:33:26","modified_gmt":"2025-11-28T11:33:26","slug":"lei-municipal-no-1-659-de-12-de-novembro-de-2025","status":"publish","type":"post","link":"https:\/\/www.diariomunicipal-al.com.br\/uniao\/lei-municipal-no-1-659-de-12-de-novembro-de-2025\/","title":{"rendered":"LEI MUNICIPAL N\u00ba 1.659, DE 12 DE NOVEMBRO DE 2025."},"content":{"rendered":"\n<p>CONSIDERA PATRIM\u00d4NIO CULTURAL MATERIAL E IMATERIAL DE UNI\u00c3O DOS PALMARES A FESTA DO MILHO &#8211; FEMIL.<\/p>\n\n\n\n<p><\/p>\n\n\n\n<p><strong>O<\/strong> <strong>PREFEITO DE UNI\u00c3O DOS PALMARES, ALAGOAS, <\/strong>no uso das atribui\u00e7\u00f5es que lhe s\u00e3o conferidas por lei, faz saber que a C\u00e2mara Municipal decretou e eu sanciono a seguinte lei:<\/p>\n\n\n\n<p><\/p>\n\n\n\n<p><strong>Art. 1\u00ba<\/strong> Fica considerada como Patrim\u00f4nio Hist\u00f3rico Cultural Material e Imaterial do Munic\u00edpio de Uni\u00e3o dos Palmares a Festa do Milho &#8211; FEMIL, tendo em vista sua import\u00e2ncia na preserva\u00e7\u00e3o das tradi\u00e7\u00f5es culturais locais e sua contribui\u00e7\u00e3o para a identidade cultural da comunidade.<\/p>\n\n\n\n<p><strong>Art. 2\u00ba<\/strong> Para os fins desta lei, considera-se a tradicional Festa do Milho como um elemento representativo da tradi\u00e7\u00e3o popular, abrangendo:<\/p>\n\n\n\n<ol class=\"wp-block-list\">\n<li>aspectos materiais, como trajes juninos, adere\u00e7os, quadrilhas e dan\u00e7as t\u00edpicas;<\/li>\n\n\n\n<li>aspectos imateriais, como m\u00fasicas, artistas nacionalmente reconhecidos e pr\u00e1ticas tradicionais associadas ao evento.<\/li>\n<\/ol>\n\n\n\n<p><strong>Art. 3\u00ba<\/strong> O Poder Executivo, em conjunto com os \u00f3rg\u00e3os competentes e a participa\u00e7\u00e3o da comunidade, promover\u00e1 a\u00e7\u00f5es voltadas \u00e0 preserva\u00e7\u00e3o, valoriza\u00e7\u00e3o e transmiss\u00e3o do conhecimento acerca da Festa do Milho, garantindo sua continuidade ao longo do tempo.<\/p>\n\n\n\n<p><strong>Art. 4\u00ba <\/strong>Ficam autorizados incentivos e parcerias com entidades culturais, organiza\u00e7\u00f5es n\u00e3o governamentais e demais interessados, visando a promo\u00e7\u00e3o de atividades relacionadas \u00e0 tradicional Festa do Milho.<\/p>\n\n\n\n<p><strong>Art. 5\u00ba <\/strong>Esta lei observar\u00e1, no que couber, as diretrizes da Lei Municipal n\u00ba 1.549, de 22 de janeiro de 2024.<\/p>\n\n\n\n<p><strong>Art. 6\u00ba <\/strong>Esta lei entra em vigor na data de sua publica\u00e7\u00e3o.<\/p>\n\n\n\n<p><\/p>\n\n\n\n<p>Uni\u00e3o dos Palmares, Alagoas, em 12 de novembro de 2025.<\/p>\n\n\n\n<p><\/p>\n\n\n\n<p><strong>JOS\u00c9 IRAN MENEZES DA SILVA JUNIOR<\/strong><\/p>\n\n\n\n<p>Prefeito<\/p>\n","protected":false},"excerpt":{"rendered":"<p>CONSIDERA PATRIM\u00d4NIO CULTURAL MATERIAL E IMATERIAL DE UNI\u00c3O DOS PALMARES A FESTA DO MILHO &#8211; FEMIL. O PREFEITO DE UNI\u00c3O DOS PALMARES, ALAGOAS, no uso das atribui\u00e7\u00f5es que lhe s\u00e3o conferidas por lei, faz saber que a C\u00e2mara Municipal decretou e eu sanciono a seguinte lei: Art. 1\u00ba Fica considerada como Patrim\u00f4nio Hist\u00f3rico Cultural Material [&hellip;]<\/p>\n","protected":false},"author":2,"featured_media":0,"comment_status":"open","ping_status":"open","sticky":false,"template":"","format":"standard","meta":{"footnotes":""},"categories":[2],"tags":[],"class_list":["post-5045","post","type-post","status-publish","format-standard","hentry","category-leis"],"_links":{"self":[{"href":"https:\/\/www.diariomunicipal-al.com.br\/uniao\/wp-json\/wp\/v2\/posts\/5045","targetHints":{"allow":["GET"]}}],"collection":[{"href":"https:\/\/www.diariomunicipal-al.com.br\/uniao\/wp-json\/wp\/v2\/posts"}],"about":[{"href":"https:\/\/www.diariomunicipal-al.com.br\/uniao\/wp-json\/wp\/v2\/types\/post"}],"author":[{"embeddable":true,"href":"https:\/\/www.diariomunicipal-al.com.br\/uniao\/wp-json\/wp\/v2\/users\/2"}],"replies":[{"embeddable":true,"href":"https:\/\/www.diariomunicipal-al.com.br\/uniao\/wp-json\/wp\/v2\/comments?post=5045"}],"version-history":[{"count":1,"href":"https:\/\/www.diariomunicipal-al.com.br\/uniao\/wp-json\/wp\/v2\/posts\/5045\/revisions"}],"predecessor-version":[{"id":5046,"href":"https:\/\/www.diariomunicipal-al.com.br\/uniao\/wp-json\/wp\/v2\/posts\/5045\/revisions\/5046"}],"wp:attachment":[{"href":"https:\/\/www.diariomunicipal-al.com.br\/uniao\/wp-json\/wp\/v2\/media?parent=5045"}],"wp:term":[{"taxonomy":"category","embeddable":true,"href":"https:\/\/www.diariomunicipal-al.com.br\/uniao\/wp-json\/wp\/v2\/categories?post=5045"},{"taxonomy":"post_tag","embeddable":true,"href":"https:\/\/www.diariomunicipal-al.com.br\/uniao\/wp-json\/wp\/v2\/tags?post=5045"}],"curies":[{"name":"wp","href":"https:\/\/api.w.org\/{rel}","templated":true}]}}