{"id":5078,"date":"2025-12-01T12:03:57","date_gmt":"2025-12-01T15:03:57","guid":{"rendered":"https:\/\/www.diariomunicipal-al.com.br\/uniao\/?p=5078"},"modified":"2025-12-01T12:03:57","modified_gmt":"2025-12-01T15:03:57","slug":"lei-municipal-no-1-662-de-1o-de-dezembro-de-2025","status":"publish","type":"post","link":"https:\/\/www.diariomunicipal-al.com.br\/uniao\/lei-municipal-no-1-662-de-1o-de-dezembro-de-2025\/","title":{"rendered":"LEI MUNICIPAL N\u00ba 1.662, DE 1\u00ba DE DEZEMBRO DE 2025."},"content":{"rendered":"\n<p>DISP\u00d5E SOBRE O PROCEDIMENTO PARA A INSTALA\u00c7\u00c3O DE INFRAESTRUTURA DE SUPORTE PARA ESTA\u00c7\u00c3O TRANSMISSORA DE RADIOCOMUNICA\u00c7\u00c3O &#8211; ETR, AUTORIZADA PELA AG\u00caNCIA NACIONAL DE TELECOMUNICA\u00c7\u00d5ES &#8211; ANATEL, NOS TERMOS DA LEGISLA\u00c7\u00c3O FEDERAL VIGENTE, NO \u00c2MBITO DO MUNIC\u00cdPIO DE UNI\u00c3O DOS PALMARES\/AL.<\/p>\n\n\n\n<p><\/p>\n\n\n\n<div data-wp-interactive=\"core\/file\" class=\"wp-block-file\"><object data-wp-bind--hidden=\"!state.hasPdfPreview\" hidden class=\"wp-block-file__embed\" data=\"https:\/\/www.diariomunicipal-al.com.br\/uniao\/wp-content\/uploads\/2025\/12\/LEI-1662-ETR-ANATEL.pdf\" type=\"application\/pdf\" style=\"width:100%;height:600px\" aria-label=\"Incorporado de LEI 1662 ETR - ANATEL.\"><\/object><a id=\"wp-block-file--media-bdc83cb5-d55e-4e6f-87ee-182b881497a9\" href=\"https:\/\/www.diariomunicipal-al.com.br\/uniao\/wp-content\/uploads\/2025\/12\/LEI-1662-ETR-ANATEL.pdf\">LEI 1662 ETR &#8211; ANATEL<\/a><a href=\"https:\/\/www.diariomunicipal-al.com.br\/uniao\/wp-content\/uploads\/2025\/12\/LEI-1662-ETR-ANATEL.pdf\" class=\"wp-block-file__button wp-element-button\" download aria-describedby=\"wp-block-file--media-bdc83cb5-d55e-4e6f-87ee-182b881497a9\">Baixar<\/a><\/div>\n","protected":false},"excerpt":{"rendered":"<p>DISP\u00d5E SOBRE O PROCEDIMENTO PARA A INSTALA\u00c7\u00c3O DE INFRAESTRUTURA DE SUPORTE PARA ESTA\u00c7\u00c3O TRANSMISSORA DE RADIOCOMUNICA\u00c7\u00c3O &#8211; ETR, AUTORIZADA PELA AG\u00caNCIA NACIONAL DE TELECOMUNICA\u00c7\u00d5ES &#8211; ANATEL, NOS TERMOS DA LEGISLA\u00c7\u00c3O FEDERAL VIGENTE, NO \u00c2MBITO DO MUNIC\u00cdPIO DE UNI\u00c3O DOS PALMARES\/AL.<\/p>\n","protected":false},"author":2,"featured_media":0,"comment_status":"open","ping_status":"open","sticky":false,"template":"","format":"standard","meta":{"footnotes":""},"categories":[2],"tags":[],"class_list":["post-5078","post","type-post","status-publish","format-standard","hentry","category-leis"],"_links":{"self":[{"href":"https:\/\/www.diariomunicipal-al.com.br\/uniao\/wp-json\/wp\/v2\/posts\/5078","targetHints":{"allow":["GET"]}}],"collection":[{"href":"https:\/\/www.diariomunicipal-al.com.br\/uniao\/wp-json\/wp\/v2\/posts"}],"about":[{"href":"https:\/\/www.diariomunicipal-al.com.br\/uniao\/wp-json\/wp\/v2\/types\/post"}],"author":[{"embeddable":true,"href":"https:\/\/www.diariomunicipal-al.com.br\/uniao\/wp-json\/wp\/v2\/users\/2"}],"replies":[{"embeddable":true,"href":"https:\/\/www.diariomunicipal-al.com.br\/uniao\/wp-json\/wp\/v2\/comments?post=5078"}],"version-history":[{"count":1,"href":"https:\/\/www.diariomunicipal-al.com.br\/uniao\/wp-json\/wp\/v2\/posts\/5078\/revisions"}],"predecessor-version":[{"id":5080,"href":"https:\/\/www.diariomunicipal-al.com.br\/uniao\/wp-json\/wp\/v2\/posts\/5078\/revisions\/5080"}],"wp:attachment":[{"href":"https:\/\/www.diariomunicipal-al.com.br\/uniao\/wp-json\/wp\/v2\/media?parent=5078"}],"wp:term":[{"taxonomy":"category","embeddable":true,"href":"https:\/\/www.diariomunicipal-al.com.br\/uniao\/wp-json\/wp\/v2\/categories?post=5078"},{"taxonomy":"post_tag","embeddable":true,"href":"https:\/\/www.diariomunicipal-al.com.br\/uniao\/wp-json\/wp\/v2\/tags?post=5078"}],"curies":[{"name":"wp","href":"https:\/\/api.w.org\/{rel}","templated":true}]}}