{"id":5086,"date":"2025-12-01T12:07:56","date_gmt":"2025-12-01T15:07:56","guid":{"rendered":"https:\/\/www.diariomunicipal-al.com.br\/uniao\/?p=5086"},"modified":"2025-12-01T12:07:56","modified_gmt":"2025-12-01T15:07:56","slug":"lei-municipal-no-1-665-de-1o-de-dezembro-de-2025","status":"publish","type":"post","link":"https:\/\/www.diariomunicipal-al.com.br\/uniao\/lei-municipal-no-1-665-de-1o-de-dezembro-de-2025\/","title":{"rendered":"LEI MUNICIPAL N\u00ba 1.665, DE 1\u00ba DE DEZEMBRO DE 2025."},"content":{"rendered":"\n<p>DISP\u00d5E SOBRE OS REQUISITOS PARA DECLARA\u00c7\u00c3O DE UTILIDADE P\u00daBLICA DE ENTIDADES QUE MENCIONA E ADOTA OUTRAS PROVID\u00caNCIAS.<\/p>\n\n\n\n<p><\/p>\n\n\n\n<p><strong>O<\/strong> <strong>PREFEITO DE UNI\u00c3O DOS PALMARES, ALAGOAS, <\/strong>no uso das atribui\u00e7\u00f5es que lhe s\u00e3o conferidas por lei, faz saber que a C\u00e2mara Municipal decretou e eu sanciono a seguinte lei:<\/p>\n\n\n\n<p><\/p>\n\n\n\n<p><strong>Art. 1\u00ba<\/strong> As sociedades civis, as associa\u00e7\u00f5es e as funda\u00e7\u00f5es constitu\u00eddas neste Munic\u00edpio, sem fins lucrativos e que prestem servi\u00e7os de relevante interesse p\u00fablico, podem ser declaradas de utilidade p\u00fablica desde que requeiram ao Poder Executivo, provados os seguintes requisitos:<\/p>\n\n\n\n<p>I &#8211; que adquiriram personalidade jur\u00eddica h\u00e1 mais de 3 (tr\u00eas) anos;<\/p>\n\n\n\n<p>II &#8211; que est\u00e3o em efetivo e cont\u00ednuo funcionamento, nos 3 (tr\u00eas) anos imediatamente anteriores, dentro de suas finalidades e que servem desinteressadamente \u00e0 coletividade;<\/p>\n\n\n\n<p>III &#8211; registro nos \u00f3rg\u00e3os competentes, conforme sua natureza e desde que haja exig\u00eancia de tal formalidade;<\/p>\n\n\n\n<p>IV &#8211; que os cargos de sua diretoria, conselhos fiscais, deliberativos ou consultivos n\u00e3o sejam remunerados, exceto no caso de associa\u00e7\u00f5es assistenciais ou funda\u00e7\u00f5es, sem fins lucrativos, cujos dirigentes poder\u00e3o ser remunerados, desde que atuem efetivamente na gest\u00e3o executiva, devendo a remunera\u00e7\u00e3o:<\/p>\n\n\n\n<ol class=\"wp-block-list\">\n<li>respeitar os limites m\u00e1ximos praticados pelo mercado na regi\u00e3o correspondente \u00e0 sua \u00e1rea de atua\u00e7\u00e3o;<\/li>\n\n\n\n<li>ser fixada pelo \u00f3rg\u00e3o de delibera\u00e7\u00e3o superior da entidade e registrada em ata;<\/li>\n\n\n\n<li>ser objeto de comunica\u00e7\u00e3o ao Minist\u00e9rio P\u00fablico, no caso das funda\u00e7\u00f5es.<\/li>\n<\/ol>\n\n\n\n<p>V &#8211; exerc\u00edcio de atividades de ensino ou de pesquisas cient\u00edficas, de cultura (inclusive art\u00edsticas), filantr\u00f3picas ou assistenciais de car\u00e1ter beneficente, caritativo ou religioso, n\u00e3o circunscritas ao \u00e2mbito de determinada sociedade civil ou comercial, devendo essas atividades ser feitas mediante apresenta\u00e7\u00e3o de relat\u00f3rio circunstanciado referente aos 3 (tr\u00eas) anos imediatamente anteriores \u00e0 formula\u00e7\u00e3o da proposi\u00e7\u00e3o;<\/p>\n\n\n\n<p>VI &#8211; idoneidade moral comprovada de seus diretores;<\/p>\n\n\n\n<p>VII &#8211; demonstrativo da receita obtida e da despesa realizada no per\u00edodo anterior.<\/p>\n\n\n\n<p><strong>Art. 2\u00ba<\/strong> A declara\u00e7\u00e3o de utilidade p\u00fablica ser\u00e1 feita por meio de projeto de lei de iniciativa do Poder Executivo ou de qualquer dos Vereadores, mediante requerimento da entidade da sociedade civil e desde que comprovado que esta preenche todos os requisitos exigidos no artigo 1\u00ba.<\/p>\n\n\n\n<p><strong>Art. 3\u00ba <\/strong>As sociedades, associa\u00e7\u00f5es e funda\u00e7\u00f5es declaradas de utilidade p\u00fablica ficam obrigadas a apresentar todos os anos, exceto por motivo de ordem superior reconhecido, a crit\u00e9rio do Poder Executivo, a rela\u00e7\u00e3o circunstanciada dos servi\u00e7os que houverem prestado \u00e0 coletividade.<\/p>\n\n\n\n<p><strong>\u00a7 1\u00ba <\/strong>Ser\u00e1 cassada a declara\u00e7\u00e3o de utilidade p\u00fablica, no caso de infra\u00e7\u00e3o deste dispositivo, ou se, por qualquer motivo, a declara\u00e7\u00e3o exigida n\u00e3o for apresentada em tr\u00eas anos consecutivos.<\/p>\n\n\n\n<p><strong>\u00a7 2\u00ba <\/strong>Ser\u00e1 tamb\u00e9m cassada a declara\u00e7\u00e3o de utilidade p\u00fablica, mediante representa\u00e7\u00e3o documentada do \u00f3rg\u00e3o do Minist\u00e9rio P\u00fablico, ou de qualquer interessado, da sede da sociedade, associa\u00e7\u00e3o ou funda\u00e7\u00e3o, sempre que se provar que ela deixou de preencher qualquer dos requisitos do art. 1\u00ba.<\/p>\n\n\n\n<p><strong>Art. 4\u00ba <\/strong>\u00c9 obriga\u00e7\u00e3o das sociedades, associa\u00e7\u00f5es e funda\u00e7\u00f5es que forem declaradas de utilidade p\u00fablica prestar ao Munic\u00edpio a sua colabora\u00e7\u00e3o no setor de sua especialidade.<\/p>\n\n\n\n<p><strong>Art. 5\u00ba <\/strong>A entidade que tiver a sua declara\u00e7\u00e3o de utilidade p\u00fablica cassada n\u00e3o poder\u00e1 ter o seu pedido renovado pelo prazo de 5 (cinco) anos, salvo se o pedido for aprovado por maioria absoluta de votos dos Vereadores.<\/p>\n\n\n\n<p><strong>Art. 6\u00ba <\/strong>Esta lei entra em vigor na data de sua publica\u00e7\u00e3o, revogadas as disposi\u00e7\u00f5es em contr\u00e1rio.<\/p>\n\n\n\n<p><\/p>\n\n\n\n<p>Uni\u00e3o dos Palmares, Alagoas, em 1\u00ba de dezembro de 2025.<\/p>\n\n\n\n<p><\/p>\n\n\n\n<p><strong>JOS\u00c9 IRAN MENEZES DA SILVA JUNIOR<\/strong><\/p>\n\n\n\n<p>Prefeito<\/p>\n","protected":false},"excerpt":{"rendered":"<p>DISP\u00d5E SOBRE OS REQUISITOS PARA DECLARA\u00c7\u00c3O DE UTILIDADE P\u00daBLICA DE ENTIDADES QUE MENCIONA E ADOTA OUTRAS PROVID\u00caNCIAS. O PREFEITO DE UNI\u00c3O DOS PALMARES, ALAGOAS, no uso das atribui\u00e7\u00f5es que lhe s\u00e3o conferidas por lei, faz saber que a C\u00e2mara Municipal decretou e eu sanciono a seguinte lei: Art. 1\u00ba As sociedades civis, as associa\u00e7\u00f5es e [&hellip;]<\/p>\n","protected":false},"author":2,"featured_media":0,"comment_status":"open","ping_status":"open","sticky":false,"template":"","format":"standard","meta":{"footnotes":""},"categories":[2],"tags":[],"class_list":["post-5086","post","type-post","status-publish","format-standard","hentry","category-leis"],"_links":{"self":[{"href":"https:\/\/www.diariomunicipal-al.com.br\/uniao\/wp-json\/wp\/v2\/posts\/5086","targetHints":{"allow":["GET"]}}],"collection":[{"href":"https:\/\/www.diariomunicipal-al.com.br\/uniao\/wp-json\/wp\/v2\/posts"}],"about":[{"href":"https:\/\/www.diariomunicipal-al.com.br\/uniao\/wp-json\/wp\/v2\/types\/post"}],"author":[{"embeddable":true,"href":"https:\/\/www.diariomunicipal-al.com.br\/uniao\/wp-json\/wp\/v2\/users\/2"}],"replies":[{"embeddable":true,"href":"https:\/\/www.diariomunicipal-al.com.br\/uniao\/wp-json\/wp\/v2\/comments?post=5086"}],"version-history":[{"count":1,"href":"https:\/\/www.diariomunicipal-al.com.br\/uniao\/wp-json\/wp\/v2\/posts\/5086\/revisions"}],"predecessor-version":[{"id":5087,"href":"https:\/\/www.diariomunicipal-al.com.br\/uniao\/wp-json\/wp\/v2\/posts\/5086\/revisions\/5087"}],"wp:attachment":[{"href":"https:\/\/www.diariomunicipal-al.com.br\/uniao\/wp-json\/wp\/v2\/media?parent=5086"}],"wp:term":[{"taxonomy":"category","embeddable":true,"href":"https:\/\/www.diariomunicipal-al.com.br\/uniao\/wp-json\/wp\/v2\/categories?post=5086"},{"taxonomy":"post_tag","embeddable":true,"href":"https:\/\/www.diariomunicipal-al.com.br\/uniao\/wp-json\/wp\/v2\/tags?post=5086"}],"curies":[{"name":"wp","href":"https:\/\/api.w.org\/{rel}","templated":true}]}}