{"id":5092,"date":"2025-12-01T12:14:20","date_gmt":"2025-12-01T15:14:20","guid":{"rendered":"https:\/\/www.diariomunicipal-al.com.br\/uniao\/?p=5092"},"modified":"2025-12-01T12:14:20","modified_gmt":"2025-12-01T15:14:20","slug":"lei-municipal-no-1-668-de-1o-de-dezembro-de-2025","status":"publish","type":"post","link":"https:\/\/www.diariomunicipal-al.com.br\/uniao\/lei-municipal-no-1-668-de-1o-de-dezembro-de-2025\/","title":{"rendered":"LEI MUNICIPAL N\u00ba 1.668, DE 1\u00ba DE DEZEMBRO DE 2025."},"content":{"rendered":"\n<p>DECLARA DE UTILIDADE P\u00daBLICA A ASSOCIA\u00c7\u00c3O DOS SURDOS DE UNI\u00c3O DOS PALMARES &#8211; ASU.<\/p>\n\n\n\n<p><\/p>\n\n\n\n<p><strong>O<\/strong> <strong>PREFEITO DE UNI\u00c3O DOS PALMARES, ALAGOAS, <\/strong>no uso das atribui\u00e7\u00f5es que lhe s\u00e3o conferidas por lei, faz saber que a C\u00e2mara Municipal decretou e eu sanciono a seguinte lei:<\/p>\n\n\n\n<p><\/p>\n\n\n\n<p><strong>Art. 1\u00ba<\/strong> Fica declarada de utilidade p\u00fablica a ASSOCIA\u00c7\u00c3O DOS SURDOS DE UNI\u00c3O DOS PALMARES, associa\u00e7\u00e3o privada inscrita no CNPJ sob n\u00ba 42.036.966\/0001-29, com sede \u00e0 Rua Jos\u00e9 Hort\u00eancio de Souza, n\u00ba 492, Roberto Correia de Ara\u00fajo, nesta cidade.&nbsp;<\/p>\n\n\n\n<p><strong>Art. 2\u00ba<\/strong> Esta lei entra em vigor na data de sua publica\u00e7\u00e3o, revogadas as disposi\u00e7\u00f5es em contr\u00e1rio.<\/p>\n\n\n\n<p><\/p>\n\n\n\n<p>Uni\u00e3o dos Palmares, Alagoas, em 1\u00ba de dezembro de 2025.<\/p>\n\n\n\n<p><\/p>\n\n\n\n<p><strong>JOS\u00c9 IRAN MENEZES DA SILVA JUNIOR<\/strong><\/p>\n\n\n\n<p>Prefeito<\/p>\n","protected":false},"excerpt":{"rendered":"<p>DECLARA DE UTILIDADE P\u00daBLICA A ASSOCIA\u00c7\u00c3O DOS SURDOS DE UNI\u00c3O DOS PALMARES &#8211; ASU. O PREFEITO DE UNI\u00c3O DOS PALMARES, ALAGOAS, no uso das atribui\u00e7\u00f5es que lhe s\u00e3o conferidas por lei, faz saber que a C\u00e2mara Municipal decretou e eu sanciono a seguinte lei: Art. 1\u00ba Fica declarada de utilidade p\u00fablica a ASSOCIA\u00c7\u00c3O DOS SURDOS [&hellip;]<\/p>\n","protected":false},"author":2,"featured_media":0,"comment_status":"open","ping_status":"open","sticky":false,"template":"","format":"standard","meta":{"footnotes":""},"categories":[2],"tags":[],"class_list":["post-5092","post","type-post","status-publish","format-standard","hentry","category-leis"],"_links":{"self":[{"href":"https:\/\/www.diariomunicipal-al.com.br\/uniao\/wp-json\/wp\/v2\/posts\/5092","targetHints":{"allow":["GET"]}}],"collection":[{"href":"https:\/\/www.diariomunicipal-al.com.br\/uniao\/wp-json\/wp\/v2\/posts"}],"about":[{"href":"https:\/\/www.diariomunicipal-al.com.br\/uniao\/wp-json\/wp\/v2\/types\/post"}],"author":[{"embeddable":true,"href":"https:\/\/www.diariomunicipal-al.com.br\/uniao\/wp-json\/wp\/v2\/users\/2"}],"replies":[{"embeddable":true,"href":"https:\/\/www.diariomunicipal-al.com.br\/uniao\/wp-json\/wp\/v2\/comments?post=5092"}],"version-history":[{"count":1,"href":"https:\/\/www.diariomunicipal-al.com.br\/uniao\/wp-json\/wp\/v2\/posts\/5092\/revisions"}],"predecessor-version":[{"id":5093,"href":"https:\/\/www.diariomunicipal-al.com.br\/uniao\/wp-json\/wp\/v2\/posts\/5092\/revisions\/5093"}],"wp:attachment":[{"href":"https:\/\/www.diariomunicipal-al.com.br\/uniao\/wp-json\/wp\/v2\/media?parent=5092"}],"wp:term":[{"taxonomy":"category","embeddable":true,"href":"https:\/\/www.diariomunicipal-al.com.br\/uniao\/wp-json\/wp\/v2\/categories?post=5092"},{"taxonomy":"post_tag","embeddable":true,"href":"https:\/\/www.diariomunicipal-al.com.br\/uniao\/wp-json\/wp\/v2\/tags?post=5092"}],"curies":[{"name":"wp","href":"https:\/\/api.w.org\/{rel}","templated":true}]}}