{"id":5143,"date":"2025-12-09T11:34:47","date_gmt":"2025-12-09T14:34:47","guid":{"rendered":"https:\/\/www.diariomunicipal-al.com.br\/uniao\/?p=5143"},"modified":"2025-12-10T11:46:18","modified_gmt":"2025-12-10T14:46:18","slug":"resultado-final-da-eleicao-dos-membros-do-conselho-municipal-de-meio-ambiente-bienio-2025-2027","status":"publish","type":"post","link":"https:\/\/www.diariomunicipal-al.com.br\/uniao\/resultado-final-da-eleicao-dos-membros-do-conselho-municipal-de-meio-ambiente-bienio-2025-2027\/","title":{"rendered":"RESULTADO FINAL DA ELEI\u00c7\u00c3O DOS MEMBROS DO CONSELHO MUNICIPAL DE MEIO AMBIENTE &#8211; BI\u00caNIO 2025-2027."},"content":{"rendered":"\n<p>O Secret\u00e1rio Municipal de Meio Ambiente, nos termos do Edital n\u00ba 001\/2025, de 17 de novembro de 2025, vem divulgar o resultado final da elei\u00e7\u00e3o dos membros do Conselho Municipal de Meio Ambiente \u2013 CONSEMMA para o bi\u00eanio 2025-2027.<\/p>\n\n\n\n<p><strong>PODER P\u00daBLICO<\/strong><\/p>\n\n\n\n<figure class=\"wp-block-table\"><table class=\"has-fixed-layout\"><tbody><tr><td><strong>\u00d3RG\u00c3O<\/strong><\/td><td><strong>TITULAR<\/strong><\/td><td><strong>SUPLENTE<\/strong><\/td><\/tr><tr><td>SECRETARIA DE MEIO AMBIENTE<\/td><td>CLAUDIONOR DE OLIVEIRA SILVA&nbsp;<\/td><td>GIVALDO MATIAS DA SILVA&nbsp;&nbsp;&nbsp;&nbsp;&nbsp;&nbsp;&nbsp;<\/td><\/tr><tr><td>SECRETARIA DE SA\u00daDE<\/td><td>MICHELE PINHEIRO ACIOLE DE MELO&nbsp;<\/td><td>ALCIDES MANOEL FERREIRA DE ARAUJO&nbsp;&nbsp;&nbsp;&nbsp;&nbsp;&nbsp;&nbsp;&nbsp;&nbsp;&nbsp;&nbsp;<\/td><\/tr><tr><td>SECRETARIA DE URBANIZA\u00c7\u00c3O, HABITA\u00c7\u00c3O E OBRAS P\u00daBLICAS <\/td><td>ANDERSON ANT\u00d4NIO TAVARES&nbsp;&nbsp;&nbsp;<\/td><td>JO\u00c3O PAULO GUILHERME CALIXTO<\/td><\/tr><tr><td>SECRETARIA DE CULTURA<\/td><td>ARMANDO DA SILVA<\/td><td>CARLOS MANOEL SILVA&nbsp;<\/td><\/tr><tr><td>SECRETARIA DE EDUCA\u00c7\u00c3O<\/td><td>MADALENA SOARES DA SILVA&nbsp;&nbsp;&nbsp;&nbsp;&nbsp;&nbsp;&nbsp;&nbsp;&nbsp;&nbsp;&nbsp;&nbsp;&nbsp;&nbsp;&nbsp;&nbsp;&nbsp;&nbsp;&nbsp;&nbsp;&nbsp;&nbsp;&nbsp;&nbsp;&nbsp;&nbsp;<\/td><td>MARIA BET\u00c2NIA DA SILVA ALMEIDA&nbsp;&nbsp;&nbsp;&nbsp;&nbsp;&nbsp;&nbsp;&nbsp;<\/td><\/tr><tr><td>C\u00c2MARAS DE VEREADORES<\/td><td>MATHEUS MESSIAS GOMES DA SILVA&nbsp;&nbsp;&nbsp;&nbsp;<\/td><td>BRUNO DE PAULO CARDOSO&nbsp;<\/td><\/tr><tr><td>PROCURADORIA GERAL<\/td><td>DR. LINDOLFO CABRAL&nbsp;&nbsp;&nbsp;&nbsp;&nbsp;&nbsp;&nbsp;&nbsp;&nbsp;&nbsp;<\/td><td>DRA. LUC\u00c9LIA TEN\u00d3RIO\u00a0\u00a0\u00a0\u00a0\u00a0\u00a0\u00a0\u00a0\u00a0\u00a0\u00a0\u00a0\u00a0\u00a0\u00a0\u00a0\u00a0\u00a0\u00a0\u00a0\u00a0<\/td><\/tr><\/tbody><\/table><\/figure>\n\n\n\n<p><strong>SOCIEDADE CIVIL<\/strong><\/p>\n\n\n\n<figure class=\"wp-block-table\"><table class=\"has-fixed-layout\"><thead><tr><th><strong>INSTITUI\u00c7\u00c3O<\/strong><\/th><th><strong>TITULAR<\/strong><\/th><th><strong>SUPLENTE<\/strong><\/th><\/tr><\/thead><tbody><tr><td>ASSOCIA\u00c7\u00c3O DO ASSENTAMENTO QUILOMBO DOS PALMARES<\/td><td>CELIO ROBERTO DA SILVA<\/td><td>SIMONE DA SILVA FREITAS<\/td><\/tr><tr><td>ASSOCI\u00c7\u00c3O DOS MORADORES CJ. SAGRADA FAM\u00cdLIA<\/td><td>BENEDITO ANTONIO TAVARES DA SILVA&nbsp;&nbsp;&nbsp;&nbsp;&nbsp;&nbsp;&nbsp;&nbsp;&nbsp;&nbsp;&nbsp;&nbsp;&nbsp;&nbsp;&nbsp;&nbsp;&nbsp;&nbsp;&nbsp;&nbsp;&nbsp;&nbsp;&nbsp;&nbsp;&nbsp;&nbsp;&nbsp;&nbsp;&nbsp;&nbsp;&nbsp;&nbsp;&nbsp;&nbsp;&nbsp;&nbsp;<\/td><td>RAFAELA TAVARES DA SILVA&nbsp;&nbsp;&nbsp;&nbsp;&nbsp;&nbsp;&nbsp;&nbsp;&nbsp;&nbsp;&nbsp;&nbsp;&nbsp;&nbsp;&nbsp;&nbsp;&nbsp;&nbsp;&nbsp;&nbsp;&nbsp;&nbsp;&nbsp;&nbsp;&nbsp;&nbsp;&nbsp;&nbsp;&nbsp;&nbsp;&nbsp;&nbsp;&nbsp;&nbsp;&nbsp;&nbsp;&nbsp;<\/td><\/tr><tr><td>ASSOCIA\u00c7\u00c3O DOS APICULTORES<\/td><td>JEAN FERREIRA DE FREITAS&nbsp;&nbsp;&nbsp;&nbsp;&nbsp;&nbsp;&nbsp;&nbsp;&nbsp;&nbsp;&nbsp;&nbsp;&nbsp;&nbsp;&nbsp;&nbsp;&nbsp;&nbsp;&nbsp;&nbsp;&nbsp;&nbsp;&nbsp;&nbsp;&nbsp;&nbsp;&nbsp;&nbsp;&nbsp;&nbsp;&nbsp;&nbsp;&nbsp;&nbsp;&nbsp;&nbsp;&nbsp;&nbsp;<\/td><td>CICERO FERREIRA DE FREITAS&nbsp;&nbsp;<\/td><\/tr><tr><td>UNIVERSIDADE ESTADUAL DE ALAGOAS &#8211; UNEAL<\/td><td>JOS\u00c9 LIDEMBERG DE SOUSA LOPES&nbsp;&nbsp;&nbsp;&nbsp;&nbsp;&nbsp;&nbsp;&nbsp;&nbsp;&nbsp;&nbsp;&nbsp;&nbsp;&nbsp;&nbsp;&nbsp;&nbsp;&nbsp;&nbsp;&nbsp;&nbsp;&nbsp;&nbsp;&nbsp;&nbsp;&nbsp;&nbsp;&nbsp;&nbsp;&nbsp;&nbsp;&nbsp;&nbsp;&nbsp;&nbsp;&nbsp;&nbsp;&nbsp;&nbsp;&nbsp;&nbsp;<\/td><td>MARIA SILVIA DA COSTA&nbsp;&nbsp;&nbsp;&nbsp;&nbsp;&nbsp;&nbsp;&nbsp;&nbsp;&nbsp;&nbsp;&nbsp;&nbsp;&nbsp;&nbsp;&nbsp;&nbsp;&nbsp;&nbsp;&nbsp;&nbsp;&nbsp;&nbsp;&nbsp;&nbsp;&nbsp;&nbsp;<\/td><\/tr><tr><td>C\u00c2MARA DE DIRIGENTES LOJISTAS &#8211; CDL<\/td><td>JOS\u00c9 CARLOS LEAL<\/td><td>JOS\u00c9 MENDES DE AMORIM<\/td><\/tr><tr><td>ORDEM DOS ADVOGADOS DO BRASIL &#8211; OAB<\/td><td>LUCAS GABRIEL DE MELO CARDOSO<\/td><td>WALTER XAVIER DA SILVA&nbsp;&nbsp;&nbsp;&nbsp;&nbsp;&nbsp;&nbsp;<\/td><\/tr><tr><td>IGREJA CAT\u00d3LICA &#8211; PAR\u00d3QUIA SANTA MARIA MADALENA<\/td><td>ALINE SILVANA BENTO&nbsp;&nbsp;&nbsp;&nbsp;&nbsp;&nbsp;&nbsp;&nbsp;&nbsp;&nbsp;&nbsp;&nbsp;&nbsp;<\/td><td>ANA LYBIA DE OLIVEIRA BEZERRA DA SILVA&nbsp;&nbsp;&nbsp;&nbsp;&nbsp;&nbsp;&nbsp;&nbsp;&nbsp;&nbsp;&nbsp;&nbsp;&nbsp;&nbsp;&nbsp;&nbsp;&nbsp;<\/td><\/tr><\/tbody><\/table><\/figure>\n","protected":false},"excerpt":{"rendered":"<p>O Secret\u00e1rio Municipal de Meio Ambiente, nos termos do Edital n\u00ba 001\/2025, de 17 de novembro de 2025, vem divulgar o resultado final da elei\u00e7\u00e3o dos membros do Conselho Municipal de Meio Ambiente \u2013 CONSEMMA para o bi\u00eanio 2025-2027. PODER P\u00daBLICO \u00d3RG\u00c3O TITULAR SUPLENTE SECRETARIA DE MEIO AMBIENTE CLAUDIONOR DE OLIVEIRA SILVA&nbsp; GIVALDO MATIAS DA [&hellip;]<\/p>\n","protected":false},"author":2,"featured_media":0,"comment_status":"open","ping_status":"open","sticky":false,"template":"","format":"standard","meta":{"footnotes":""},"categories":[3],"tags":[],"class_list":["post-5143","post","type-post","status-publish","format-standard","hentry","category-edital"],"_links":{"self":[{"href":"https:\/\/www.diariomunicipal-al.com.br\/uniao\/wp-json\/wp\/v2\/posts\/5143","targetHints":{"allow":["GET"]}}],"collection":[{"href":"https:\/\/www.diariomunicipal-al.com.br\/uniao\/wp-json\/wp\/v2\/posts"}],"about":[{"href":"https:\/\/www.diariomunicipal-al.com.br\/uniao\/wp-json\/wp\/v2\/types\/post"}],"author":[{"embeddable":true,"href":"https:\/\/www.diariomunicipal-al.com.br\/uniao\/wp-json\/wp\/v2\/users\/2"}],"replies":[{"embeddable":true,"href":"https:\/\/www.diariomunicipal-al.com.br\/uniao\/wp-json\/wp\/v2\/comments?post=5143"}],"version-history":[{"count":1,"href":"https:\/\/www.diariomunicipal-al.com.br\/uniao\/wp-json\/wp\/v2\/posts\/5143\/revisions"}],"predecessor-version":[{"id":5144,"href":"https:\/\/www.diariomunicipal-al.com.br\/uniao\/wp-json\/wp\/v2\/posts\/5143\/revisions\/5144"}],"wp:attachment":[{"href":"https:\/\/www.diariomunicipal-al.com.br\/uniao\/wp-json\/wp\/v2\/media?parent=5143"}],"wp:term":[{"taxonomy":"category","embeddable":true,"href":"https:\/\/www.diariomunicipal-al.com.br\/uniao\/wp-json\/wp\/v2\/categories?post=5143"},{"taxonomy":"post_tag","embeddable":true,"href":"https:\/\/www.diariomunicipal-al.com.br\/uniao\/wp-json\/wp\/v2\/tags?post=5143"}],"curies":[{"name":"wp","href":"https:\/\/api.w.org\/{rel}","templated":true}]}}