{"id":5186,"date":"2025-12-16T12:49:01","date_gmt":"2025-12-16T15:49:01","guid":{"rendered":"https:\/\/www.diariomunicipal-al.com.br\/uniao\/?p=5186"},"modified":"2025-12-16T12:49:01","modified_gmt":"2025-12-16T15:49:01","slug":"portaria-no-233-de-16-de-dezembro-de-2025","status":"publish","type":"post","link":"https:\/\/www.diariomunicipal-al.com.br\/uniao\/portaria-no-233-de-16-de-dezembro-de-2025\/","title":{"rendered":"PORTARIA N\u00ba 233, DE 16 DE DEZEMBRO DE 2025."},"content":{"rendered":"\n<p>DISP\u00d5E SOBRE A NOMEA\u00c7\u00c3O DO DIRETOR DO MERCADO P\u00daBLICO MUNICIPAL.<\/p>\n\n\n\n<p><\/p>\n\n\n\n<p><strong>O PREFEITO DE UNI\u00c3O DOS PALMARES, ALAGOAS,<\/strong> no uso da atribui\u00e7\u00e3o que lhe confere o art. 49 da Lei Org\u00e2nica Municipal;<\/p>\n\n\n\n<p><\/p>\n\n\n\n<p><strong>RESOLVE:<\/strong><\/p>\n\n\n\n<p><\/p>\n\n\n\n<p><strong>Art. 1\u00ba <\/strong>Nomear <strong>MAURO S\u00c9RGIO RAMOS DA SILVA,<\/strong><em> <\/em>CPF n\u00ba 047.397.784-24, para exercer o cargo em comiss\u00e3o de Diretor do Mercado P\u00fablico Municipal &#8211; CCIV.<\/p>\n\n\n\n<p><strong>Art. 2\u00ba <\/strong>Esta portaria entra em vigor na data de sua publica\u00e7\u00e3o, revogadas as disposi\u00e7\u00f5es em contr\u00e1rio.<\/p>\n\n\n\n<p><\/p>\n\n\n\n<p>Uni\u00e3o dos Palmares, 16 de dezembro de 2025.<\/p>\n\n\n\n<p><\/p>\n\n\n\n<p><strong>JOS\u00c9 IRAN MENEZES DA SILVA JUNIOR<\/strong><\/p>\n\n\n\n<p>Prefeito<\/p>\n","protected":false},"excerpt":{"rendered":"<p>DISP\u00d5E SOBRE A NOMEA\u00c7\u00c3O DO DIRETOR DO MERCADO P\u00daBLICO MUNICIPAL. O PREFEITO DE UNI\u00c3O DOS PALMARES, ALAGOAS, no uso da atribui\u00e7\u00e3o que lhe confere o art. 49 da Lei Org\u00e2nica Municipal; RESOLVE: Art. 1\u00ba Nomear MAURO S\u00c9RGIO RAMOS DA SILVA, CPF n\u00ba 047.397.784-24, para exercer o cargo em comiss\u00e3o de Diretor do Mercado P\u00fablico Municipal [&hellip;]<\/p>\n","protected":false},"author":2,"featured_media":0,"comment_status":"open","ping_status":"open","sticky":false,"template":"","format":"standard","meta":{"footnotes":""},"categories":[6],"tags":[],"class_list":["post-5186","post","type-post","status-publish","format-standard","hentry","category-portarias"],"_links":{"self":[{"href":"https:\/\/www.diariomunicipal-al.com.br\/uniao\/wp-json\/wp\/v2\/posts\/5186","targetHints":{"allow":["GET"]}}],"collection":[{"href":"https:\/\/www.diariomunicipal-al.com.br\/uniao\/wp-json\/wp\/v2\/posts"}],"about":[{"href":"https:\/\/www.diariomunicipal-al.com.br\/uniao\/wp-json\/wp\/v2\/types\/post"}],"author":[{"embeddable":true,"href":"https:\/\/www.diariomunicipal-al.com.br\/uniao\/wp-json\/wp\/v2\/users\/2"}],"replies":[{"embeddable":true,"href":"https:\/\/www.diariomunicipal-al.com.br\/uniao\/wp-json\/wp\/v2\/comments?post=5186"}],"version-history":[{"count":1,"href":"https:\/\/www.diariomunicipal-al.com.br\/uniao\/wp-json\/wp\/v2\/posts\/5186\/revisions"}],"predecessor-version":[{"id":5187,"href":"https:\/\/www.diariomunicipal-al.com.br\/uniao\/wp-json\/wp\/v2\/posts\/5186\/revisions\/5187"}],"wp:attachment":[{"href":"https:\/\/www.diariomunicipal-al.com.br\/uniao\/wp-json\/wp\/v2\/media?parent=5186"}],"wp:term":[{"taxonomy":"category","embeddable":true,"href":"https:\/\/www.diariomunicipal-al.com.br\/uniao\/wp-json\/wp\/v2\/categories?post=5186"},{"taxonomy":"post_tag","embeddable":true,"href":"https:\/\/www.diariomunicipal-al.com.br\/uniao\/wp-json\/wp\/v2\/tags?post=5186"}],"curies":[{"name":"wp","href":"https:\/\/api.w.org\/{rel}","templated":true}]}}