{"id":52,"date":"2019-06-17T18:16:10","date_gmt":"2019-06-17T21:16:10","guid":{"rendered":"https:\/\/www.diariomunicipal-al.com.br\/uniao\/?p=52"},"modified":"2019-08-15T22:52:35","modified_gmt":"2019-08-16T01:52:35","slug":"conselho-municipal-dos-direitos-e-protecao-da-pessoa-idosa-de-uniao-dos-palmares-alagoas","status":"publish","type":"post","link":"https:\/\/www.diariomunicipal-al.com.br\/uniao\/conselho-municipal-dos-direitos-e-protecao-da-pessoa-idosa-de-uniao-dos-palmares-alagoas\/","title":{"rendered":"Conselho Municipal dos Direitos e Prote\u00e7\u00e3o da Pessoa Idosa de Uni\u00e3o dos Palmares &#8211; Alagoas"},"content":{"rendered":"\n<p style=\"text-align:center\"><strong>EDITAL N\u00b0 01, DE 12 DE JUNHO DE 2019.<\/strong><\/p>\n\n\n\n<h5 class=\"wp-block-heading\" style=\"text-align:left\">ASSEMBLEIA DE ELEI\u00c7\u00c3O PARA COMPOSI\u00c7\u00c3O DO CONSELHO MUNICIPAL DOS DIREITOS E PROTE\u00c7\u00c3O DA PESSOA IDOSA &#8211; CMDPI &#8211; DE UNI\u00c3O DOS PALMARES &#8211; ALAGOAS. <\/h5>\n\n\n\n<p>O Presidente do Conselho Municipal Dos Direitos e Prote\u00e7\u00e3o da Pessoa Idosa \u2013 CMDPI &#8211; De Uni\u00e3o dos Palmares &#8211; Alagoas, no uso de suas atribui\u00e7\u00f5es legais, fundamentadas na Lei municipal, Municipal n\u00b0 1100\/2007, de 13 de dezembro de 2005, constitu\u00eddo atrav\u00e9s do Decreto 004\/2008, de 15 de maio de 2008, em reuni\u00e3o realizada no dia onze de junho de dois mil e dezenove, e obedecendo ao estabelecimento no Regimento Interno do CMDPI, convoca a elei\u00e7\u00e3o de entidades da sociedade civil organizadas, sem fins lucrativos, com atua\u00e7\u00e3o no campo da promo\u00e7\u00e3o, da defesa dos direitos da pessoa idosa e do atendimento \u00e0 pessoa idosa, para compor o Conselho Municipal Dos Direitos e Prote\u00e7\u00e3o Da Pessoa Idosa &#8211; CMDPI &#8211; de Uni\u00e3o dos Palmares &#8211; AL, referente \u00e0 gest\u00e3o 2019-2021, na forma do presente edital.<\/p>\n\n\n\n<div class=\"wp-block-file\"><a href=\"https:\/\/www.diariomunicipal-al.com.br\/uniao\/wp-content\/uploads\/2019\/06\/Edital.pdf\">Edital<\/a><a href=\"https:\/\/www.diariomunicipal-al.com.br\/uniao\/wp-content\/uploads\/2019\/06\/Edital.pdf\" class=\"wp-block-file__button\" download>Baixar<\/a><\/div>\n","protected":false},"excerpt":{"rendered":"<p>EDITAL N\u00b0 01, DE 12 DE JUNHO DE 2019. ASSEMBLEIA DE ELEI\u00c7\u00c3O PARA COMPOSI\u00c7\u00c3O DO CONSELHO MUNICIPAL DOS DIREITOS E PROTE\u00c7\u00c3O DA PESSOA IDOSA &#8211; CMDPI &#8211; DE UNI\u00c3O DOS PALMARES &#8211; ALAGOAS. O Presidente do Conselho Municipal Dos Direitos e Prote\u00e7\u00e3o da Pessoa Idosa \u2013 CMDPI &#8211; De Uni\u00e3o dos Palmares &#8211; Alagoas, no [&hellip;]<\/p>\n","protected":false},"author":2,"featured_media":0,"comment_status":"closed","ping_status":"closed","sticky":false,"template":"","format":"standard","meta":{"footnotes":""},"categories":[3],"tags":[],"class_list":["post-52","post","type-post","status-publish","format-standard","hentry","category-edital"],"_links":{"self":[{"href":"https:\/\/www.diariomunicipal-al.com.br\/uniao\/wp-json\/wp\/v2\/posts\/52","targetHints":{"allow":["GET"]}}],"collection":[{"href":"https:\/\/www.diariomunicipal-al.com.br\/uniao\/wp-json\/wp\/v2\/posts"}],"about":[{"href":"https:\/\/www.diariomunicipal-al.com.br\/uniao\/wp-json\/wp\/v2\/types\/post"}],"author":[{"embeddable":true,"href":"https:\/\/www.diariomunicipal-al.com.br\/uniao\/wp-json\/wp\/v2\/users\/2"}],"replies":[{"embeddable":true,"href":"https:\/\/www.diariomunicipal-al.com.br\/uniao\/wp-json\/wp\/v2\/comments?post=52"}],"version-history":[{"count":6,"href":"https:\/\/www.diariomunicipal-al.com.br\/uniao\/wp-json\/wp\/v2\/posts\/52\/revisions"}],"predecessor-version":[{"id":60,"href":"https:\/\/www.diariomunicipal-al.com.br\/uniao\/wp-json\/wp\/v2\/posts\/52\/revisions\/60"}],"wp:attachment":[{"href":"https:\/\/www.diariomunicipal-al.com.br\/uniao\/wp-json\/wp\/v2\/media?parent=52"}],"wp:term":[{"taxonomy":"category","embeddable":true,"href":"https:\/\/www.diariomunicipal-al.com.br\/uniao\/wp-json\/wp\/v2\/categories?post=52"},{"taxonomy":"post_tag","embeddable":true,"href":"https:\/\/www.diariomunicipal-al.com.br\/uniao\/wp-json\/wp\/v2\/tags?post=52"}],"curies":[{"name":"wp","href":"https:\/\/api.w.org\/{rel}","templated":true}]}}