{"id":527,"date":"2021-04-13T10:15:21","date_gmt":"2021-04-13T13:15:21","guid":{"rendered":"https:\/\/www.diariomunicipal-al.com.br\/uniao\/?p=527"},"modified":"2021-04-13T10:15:21","modified_gmt":"2021-04-13T13:15:21","slug":"julgamento-chamada-publica-01-2021","status":"publish","type":"post","link":"https:\/\/www.diariomunicipal-al.com.br\/uniao\/julgamento-chamada-publica-01-2021\/","title":{"rendered":"JULGAMENTO &#8211; CHAMADA P\u00daBLICA 01-2021"},"content":{"rendered":"\n<p class=\"has-text-align-center\">ESTADO DE ALAGOAS<\/p>\n\n\n\n<p class=\"has-text-align-center\">PREFEITURA MUNICIPAL DE UNI\u00c3O DOS PALMARES<\/p>\n\n\n\n<p class=\"has-text-align-center\">JULGAMENTO \u2013 CHAMADA P\u00daBLICA 01\/2021<\/p>\n\n\n\n<p>Ap\u00f3s a an\u00e1lise, julgou-se, por unanimidade, o seguinte:<\/p>\n\n\n\n<p>1. Com base no art. 31, \u00a7 4\u00b0 da Resolu\u00e7\u00e3o FNDE n\u00b0 06\/2020, \u201cOs pre\u00e7os de aquisi\u00e7\u00e3o definidos pela EEx devem constar na chamada p\u00fablica, e devem ser os pre\u00e7os pagos ao agricultor familiar, empreendedor familiar rural e\/ou suas organiza\u00e7\u00f5es pela venda do g\u00eanero aliment\u00edcio.\u201d, estando, portanto, a Associa\u00e7\u00e3o \u00c1dapo da Comunidade Muquem de Remanescentes Quilombolas de Uni\u00e3o dos Palmares\/AL apresentou seu projeto em desacordo, tendo em vista que o processo de chamada p\u00fablica em quest\u00e3o n\u00e3o utiliza crit\u00e9rios de julgamento de pre\u00e7os e sim o disposto no \u00a7 6\u00b0 do art. 35 da Resolu\u00e7\u00e3o FNDE n\u00b0 06\/2020, quais sejam \u201cgrupo de projetos de fornecedores locais, grupo de projetos das Regi\u00f5es Geogr\u00e1ficas Imediatas, grupo de projetos das Regi\u00f5es Geogr\u00e1ficas Intermedi\u00e1rias, grupo de projetos do estado, e grupo de projetos do pa\u00eds\u201d. Al\u00e9m disso, observamos o art. 14, \u00a7 1\u00b0 da lei n\u00ba 11.947, de 16 de junho de 2009, em conson\u00e2ncia com o art. 37 da Constitui\u00e7\u00e3o Federal.<\/p>\n\n\n\n<p>2. Com base no art. 36 da Resolu\u00e7\u00e3o FNDE n\u00b0 06\/2020: (&#8230;) \u00a7 4\u00ba Na aus\u00eancia ou desconformidade de qualquer documento necess\u00e1rio \u00e0 habilita\u00e7\u00e3o, ou de amostras a serem apresentadas conforme descrito no artigo 41, fica facultado \u00e0 EEx a abertura de prazo para a regulariza\u00e7\u00e3o das desconformidades. Sendo assim, fica a partir da publica\u00e7\u00e3o do extrato dessa ata, aberto o prazo de 05 (cinco) dias \u00fateis para a regulariza\u00e7\u00e3o dos documentos n\u00e3o apresentados e\/ou apresentados em desconformidade, sob pena de desclassifica\u00e7\u00e3o, quais sejam:<\/p>\n\n\n\n<p>a) Extrato da DAP Jur\u00eddica para associa\u00e7\u00f5es e cooperativas, emitido nos \u00faltimos 60 dias, pela Associa\u00e7\u00e3o dos Apicultores de Uni\u00e3o dos Palmares \u2013 ASAUP e pela Associa\u00e7\u00e3o \u00c1dapo da Comunidade Muquem de Remanescentes Quilombolas de Uni\u00e3o dos Palmares\/AL;<\/p>\n\n\n\n<p>b) Prova de atendimento de requisitos higi\u00eanico-sanit\u00e1rios previstos em normativas espec\u00edficas, pela Associa\u00e7\u00e3o dos Mini Produtores do Vale da Pelada, pela Associa\u00e7\u00e3o Comunit\u00e1ria da Pindoba II, pela Associa\u00e7\u00e3o de Pequenas Agricultoras da Comunidade Timb\u00f3 \u2013 APACT, pela Associa\u00e7\u00e3o de Agricultores Familiares da Comunidade Amolar \u2013 AFACAM, pela Associa\u00e7\u00e3o dos Apicultores de Uni\u00e3o dos Palmares \u2013 ASAUP e pela Associa\u00e7\u00e3o \u00c1dapo da Comunidade Muquem de Remanescentes Quilombolas de Uni\u00e3o dos Palmares\/AL.<\/p>\n\n\n\n<p>c) Projeto de venda readequado aos pre\u00e7os do edital, pela Associa\u00e7\u00e3o \u00c1dapo da Comunidade Muquem de Remanescentes Quilombolas de Uni\u00e3o dos Palmares\/AL.<\/p>\n\n\n\n<p>3. Fica aberto o prazo de 05 (cinco) dias \u00fateis, a partir da publica\u00e7\u00e3o do extrato dessa ata, para manifesta\u00e7\u00e3o de recursos, com base no art. 109 da Lei n\u00b0 8.666\/93. E desde j\u00e1 fica agendada reabertura do certame para o dia 22\/04\/2021, \u00e0s 10h00min, no endere\u00e7o constante do instrumento convocat\u00f3rio, com a finalidade de julgar os crit\u00e9rios de sele\u00e7\u00e3o, bem como a resolu\u00e7\u00e3o dos casos de empate, conforme resolu\u00e7\u00e3o retro.<\/p>\n\n\n\n<p class=\"has-text-align-center\">Amanda Santos de Oliveira \u2013 Presidente da CPL.<\/p>\n","protected":false},"excerpt":{"rendered":"<p>ESTADO DE ALAGOAS PREFEITURA MUNICIPAL DE UNI\u00c3O DOS PALMARES JULGAMENTO \u2013 CHAMADA P\u00daBLICA 01\/2021 Ap\u00f3s a an\u00e1lise, julgou-se, por unanimidade, o seguinte: 1. Com base no art. 31, \u00a7 4\u00b0 da Resolu\u00e7\u00e3o FNDE n\u00b0 06\/2020, \u201cOs pre\u00e7os de aquisi\u00e7\u00e3o definidos pela EEx devem constar na chamada p\u00fablica, e devem ser os pre\u00e7os pagos ao agricultor [&hellip;]<\/p>\n","protected":false},"author":5,"featured_media":0,"comment_status":"closed","ping_status":"open","sticky":false,"template":"","format":"standard","meta":{"footnotes":""},"categories":[5],"tags":[],"class_list":["post-527","post","type-post","status-publish","format-standard","hentry","category-outros"],"_links":{"self":[{"href":"https:\/\/www.diariomunicipal-al.com.br\/uniao\/wp-json\/wp\/v2\/posts\/527","targetHints":{"allow":["GET"]}}],"collection":[{"href":"https:\/\/www.diariomunicipal-al.com.br\/uniao\/wp-json\/wp\/v2\/posts"}],"about":[{"href":"https:\/\/www.diariomunicipal-al.com.br\/uniao\/wp-json\/wp\/v2\/types\/post"}],"author":[{"embeddable":true,"href":"https:\/\/www.diariomunicipal-al.com.br\/uniao\/wp-json\/wp\/v2\/users\/5"}],"replies":[{"embeddable":true,"href":"https:\/\/www.diariomunicipal-al.com.br\/uniao\/wp-json\/wp\/v2\/comments?post=527"}],"version-history":[{"count":1,"href":"https:\/\/www.diariomunicipal-al.com.br\/uniao\/wp-json\/wp\/v2\/posts\/527\/revisions"}],"predecessor-version":[{"id":528,"href":"https:\/\/www.diariomunicipal-al.com.br\/uniao\/wp-json\/wp\/v2\/posts\/527\/revisions\/528"}],"wp:attachment":[{"href":"https:\/\/www.diariomunicipal-al.com.br\/uniao\/wp-json\/wp\/v2\/media?parent=527"}],"wp:term":[{"taxonomy":"category","embeddable":true,"href":"https:\/\/www.diariomunicipal-al.com.br\/uniao\/wp-json\/wp\/v2\/categories?post=527"},{"taxonomy":"post_tag","embeddable":true,"href":"https:\/\/www.diariomunicipal-al.com.br\/uniao\/wp-json\/wp\/v2\/tags?post=527"}],"curies":[{"name":"wp","href":"https:\/\/api.w.org\/{rel}","templated":true}]}}