{"id":5280,"date":"2025-07-08T09:54:15","date_gmt":"2025-07-08T12:54:15","guid":{"rendered":"https:\/\/www.diariomunicipal-al.com.br\/uniao\/?p=5280"},"modified":"2026-01-07T10:02:47","modified_gmt":"2026-01-07T13:02:47","slug":"convenio-de-cooperacao-tecnica-no-001-2025","status":"publish","type":"post","link":"https:\/\/www.diariomunicipal-al.com.br\/uniao\/convenio-de-cooperacao-tecnica-no-001-2025\/","title":{"rendered":"CONV\u00caNIO DE COOPERA\u00c7\u00c3O T\u00c9CNICA N\u00ba 001\/2025."},"content":{"rendered":"\n<p>CONV\u00caNIO DE COOPERA\u00c7\u00c3O T\u00c9CNICA E ADMINISTRATIVA QUE ENTRE SI CELEBRAM O MUNIC\u00cdPIO DE UNI\u00c3O DOS PALMARES\/AL E O MUNIC\u00cdPIO DE QUEBRANGULO\/AL.<\/p>\n\n\n\n<p><\/p>\n\n\n\n<p><strong>O MUNIC\u00cdPIO DE UNI\u00c3O DOS PALMARES, <\/strong>pessoa jur\u00eddica de direito p\u00fablico interno, inscrita no CNPJ sob o n\u00ba 12.332.946\/0001-34, com sede na Rua Marechal Deodoro da Fonseca, s\/n, Centro, Uni\u00e3o dos Palmares\/AL, CEP 57800-000 neste ato representado por seu Prefeito <strong>JOS\u00c9 IRAN MENEZES DA SILVA JUNIOR<\/strong>, brasileiro, casado, portador do CPF n\u00ba 035.748.794-07 e da C\u00e9dula de Identidade n\u00ba 1730911 SSP\/AL, residente e domiciliado em Uni\u00e3o dos Palmares\/AL, e o <strong>MUNIC\u00cdPIO DE QUEBRANGULO, <\/strong>pessoa jur\u00eddica de direito p\u00fablico interno, inscrito no CNPJ sob o n\u00ba 12.241.675\/0001-01, com sede na Pra\u00e7a Dr. Get\u00falio Vargas, n\u00ba 50, Quebrangulo\/AL, CEP 57750-000, neste ato representado pelo Senhor Prefeito <strong>MANOEL COSTA TEN\u00d3RIO, <\/strong>brasileiro, portador da C\u00e9dula de Identidade n\u00ba 141756 SSP\/AL e do CPF n\u00ba 088.459.644-34, residente e<strong> <\/strong>domiciliado em Quebrangulo\/AL, resolvem celebrar o presente Conv\u00eanio de Parceria de M\u00fatua Colabora\u00e7\u00e3o, em conformidade com a Lei Federal n\u00ba 14.133\/2021, que reger-se-\u00e1 de acordo com as seguintes cl\u00e1usulas:&nbsp;<\/p>\n\n\n\n<p><strong>CL\u00c1USULA PRIMEIRA &#8211; DO OBJETO&nbsp;<\/strong><\/p>\n\n\n\n<p>1.1. Constitui objeto do presente conv\u00eanio a presta\u00e7\u00e3o de m\u00fatua coopera\u00e7\u00e3o t\u00e9cnica e administrativa entre os convenentes mediante <strong>cess\u00e3o de servidores<\/strong> dos respectivos quadros e tendo por finalidade a coopera\u00e7\u00e3o e a a\u00e7\u00e3o conjunta das partes relativamente \u00e0 cess\u00e3o de pessoal especializado e de apoio t\u00e9cnico administrativo, bem como o interc\u00e2mbio de informa\u00e7\u00f5es e tecnologias administrativas, objetivando dotar os \u00f3rg\u00e3os e entidades convenentes de melhores condi\u00e7\u00f5es para o exerc\u00edcio das suas compet\u00eancias, fun\u00e7\u00f5es e atribui\u00e7\u00f5es institucionais.&nbsp;<\/p>\n\n\n\n<p><strong>CL\u00c1USULA SEGUNDA &#8211; DA CESS\u00c3O DE PESSOAL&nbsp;<\/strong><\/p>\n\n\n\n<p>2.1. As partes convenentes poder\u00e3o colocar \u00e0 disposi\u00e7\u00e3o dos servidores dos seus quadros, considerados necess\u00e1rios \u00e0 normaliza\u00e7\u00e3o ou a garantir a efici\u00eancia da execu\u00e7\u00e3o dos servi\u00e7os e atividades de natureza p\u00fablica da compet\u00eancia do \u00f3rg\u00e3o ou entidade solicitante.&nbsp;<\/p>\n\n\n\n<p>2.2. Para os fins deste Conv\u00eanio, considera-se:&nbsp;<\/p>\n\n\n\n<p>I &#8211; Cess\u00e3o: ato autorizativo para o exerc\u00edcio de cargo em comiss\u00e3o ou para atender situa\u00e7\u00f5es previstas em leis espec\u00edficas, em outro \u00f3rg\u00e3o ou entidade dos Poderes da Uni\u00e3o, dos Estados, do Distrito Federal e dos Munic\u00edpios, sem altera\u00e7\u00e3o da lota\u00e7\u00e3o no \u00f3rg\u00e3o de origem;&nbsp;<\/p>\n\n\n\n<p>II &#8211; \u00d3rg\u00e3o cession\u00e1rio: o \u00f3rg\u00e3o onde o servidor ir\u00e1 exercer suas atividades; e&nbsp;<\/p>\n\n\n\n<p>III &#8211; \u00d3rg\u00e3o cedente: o \u00f3rg\u00e3o de origem e lota\u00e7\u00e3o do servidor cedido.&nbsp;<\/p>\n\n\n\n<p>2.3. A cess\u00e3o de servidores entre os convenentes ser\u00e1 feita por meio de solicita\u00e7\u00f5es escritas, observados os tr\u00e2mites dos respectivos processos administrativos, devidamente justificadas frente ao objeto do presente conv\u00eanio.&nbsp;<\/p>\n\n\n\n<p>2.4. A cess\u00e3o, requisi\u00e7\u00e3o ou coloca\u00e7\u00e3o de servidor \u00e0 disposi\u00e7\u00e3o dever\u00e1 sempre atender aos interesses e necessidades da Administra\u00e7\u00e3o.&nbsp;<\/p>\n\n\n\n<p>2.5. A cess\u00e3o de servidores, bem assim o<strong> <\/strong>seu retorno ao \u00f3rg\u00e3o de origem ser\u00e3o formalizadas mediante of\u00edcio, constando o nome e n\u00famero de documento de identifica\u00e7\u00e3o dos servidores.&nbsp;<\/p>\n\n\n\n<p><strong>CL\u00c1USULA TERCEIRA &#8211; DAS CONDI\u00c7\u00d5ES DA CESS\u00c3O&nbsp;<\/strong><\/p>\n\n\n\n<p>3.1. A cess\u00e3o ser\u00e1 sempre formalizada por prazo certo, pelo per\u00edodo de<strong> 2 (dois) anos<\/strong>, prorrog\u00e1vel por igual e sucessivo per\u00edodo, com informa\u00e7\u00e3o pelo \u00f3rg\u00e3o solicitante acerca das atividades e atribui\u00e7\u00f5es que ser\u00e3o desempenhadas pelo servidor a ser posto \u00e0 disposi\u00e7\u00e3o, bem como do local onde ter\u00e1 exerc\u00edcio.&nbsp;<\/p>\n\n\n\n<p>3.2. \u00c9 facultado a qualquer das partes recusar a requisi\u00e7\u00e3o de pessoal, com as devidas justificativas, ou, solicitar o retorno do servidor ao \u00f3rg\u00e3o\/entidade cedente, neste caso, mediante comunica\u00e7\u00e3o escrita e fundamentada, com anteced\u00eancia m\u00ednima de 30 (trinta) dias.&nbsp;<\/p>\n\n\n\n<p>3.3. \u00c9 vedada, em qualquer hip\u00f3tese, a transfer\u00eancia do servidor cedido para outro \u00f3rg\u00e3o distinto daquele para o qual foi autorizada a cess\u00e3o.&nbsp;<\/p>\n\n\n\n<p>3.4. Os servidores cedidos permanecer\u00e3o sujeitos ao mesmo regime jur\u00eddico inerente ao seu cargo ou emprego efetivo.&nbsp;<\/p>\n\n\n\n<p>3.5. A viola\u00e7\u00e3o, pelo servidor cedido, das normas legais ou regulamentos acarretar\u00e1 o seu imediato retorno ao \u00f3rg\u00e3o de origem<strong>, <\/strong>para responder ao devido processo disciplinar.&nbsp;<\/p>\n\n\n\n<p>3.6. As partes convenentes poder\u00e3o requerer, por meio de of\u00edcio, o retorno ao \u00f3rg\u00e3o de origem do servidor cedido e a sua exclus\u00e3o do conv\u00eanio, nesse caso.&nbsp;<\/p>\n\n\n\n<p>3.7. A inclus\u00e3o\/exclus\u00e3o de servidor ser\u00e1 formalizada por meio de of\u00edcio do qual constar\u00e1 a rela\u00e7\u00e3o dos servidores cedidos entre os convenentes, devidamente atualizada.&nbsp;<\/p>\n\n\n\n<p>3.8. A cess\u00e3o de pessoal poder\u00e1 ser cancelada, a qualquer tempo, especialmente se n\u00e3o for comunicada, mensalmente, a frequ\u00eancia do servidor cedido.&nbsp;<\/p>\n\n\n\n<p>3.9. O per\u00edodo de afastamento do servidor ser\u00e1 considerado para todos os efeitos legais, inclusive para promo\u00e7\u00e3o e progress\u00e3o funcional.&nbsp;<\/p>\n\n\n\n<p>3.10. As cess\u00f5es ser\u00e3o formalizadas mediante ato pr\u00f3prio (decreto, ato portaria etc.) de compet\u00eancia dos signat\u00e1rios do presente Conv\u00eanio.<\/p>\n\n\n\n<p>Par\u00e1grafo primeiro. Quando se tratar de servidor de autarquia ou funda\u00e7\u00e3o p\u00fablica, a cess\u00e3o dar-se-\u00e1 mediante portaria do Diretor Presidente ou autoridade equivalente.&nbsp;<\/p>\n\n\n\n<p>Par\u00e1grafo segundo. Tratando-se<strong> <\/strong>de empregado de sociedade de economia mista ou empresa p\u00fablica, a cess\u00e3o dar-se-\u00e1 na forma das disposi\u00e7\u00f5es estatut\u00e1rias pertinentes.&nbsp;<\/p>\n\n\n\n<p>Par\u00e1grafo terceiro. As cess\u00f5es ser\u00e3o precedidas de of\u00edcio do \u00f3rg\u00e3o solicitante, mediante o qual ser\u00e3o informados, dentre outros aspectos, o prazo e a fun\u00e7\u00e3o ou cargo em comiss\u00e3o que ser\u00e1 exercido pelo servidor.&nbsp;<\/p>\n\n\n\n<p><strong>CL\u00c1USULA QUARTA &#8211; DAS OBRIGA\u00c7\u00d5ES E RESPONSABILIDADES&nbsp;<\/strong><\/p>\n\n\n\n<p>4.1. Cumpre ao CESSION\u00c1RIO arcar com pagamento da remunera\u00e7\u00e3o e demais encargos do cargo em comiss\u00e3o em favor do servidor cedido.&nbsp;<\/p>\n\n\n\n<p>4.2. Dos valores a serem pagos pelo CESSION\u00c1RIO, ser\u00e3o descontados e recolhidos, na forma da lei, o percentual destinado ao imposto de renda, o desconto previdenci\u00e1rio e demais contribui\u00e7\u00f5es compuls\u00f3rias, bem como as autorizadas pelo servidor cedido, nos termos das normas vigentes.&nbsp;<\/p>\n\n\n\n<p>4.3 O CESSION\u00c1RIO fica obrigado a recolher ao sistema de previd\u00eancia adotado pelo CEDENTE o valor relativo \u00e0 contribui\u00e7\u00e3o do servidor cedido, devendo prestar conta, mensalmente, do recolhimento efetuado.&nbsp;<\/p>\n\n\n\n<p>4.4. O CESSION\u00c1RIO assume inteira responsabilidade por quaisquer danos porventura causados a terceiros pelo servidor cedido, durante a vig\u00eancia da cess\u00e3o, quando decorrentes de atos praticados no exerc\u00edcio da fun\u00e7\u00e3o p\u00fablica.&nbsp;<\/p>\n\n\n\n<p>4.5. O servidor cedido ter\u00e1 como regime previdenci\u00e1rio o previsto pelo CEDENTE.&nbsp;<\/p>\n\n\n\n<p>4.6. O local e a carga hor\u00e1ria de servi\u00e7o ser\u00e3o designados pelo CESSION\u00c1RIO.&nbsp;<\/p>\n\n\n\n<p>4.7. O CEDENTE se obriga a arcar com a remunera\u00e7\u00e3o, incluindo a parte patronal e os encargos previdenci\u00e1rios, fazendo as devidas reten\u00e7\u00f5es e recolhimentos e enviar\u00e1 o demonstrativo dos valores a serem restitu\u00eddos pelo CESSION\u00c1RIO, cabendo, tamb\u00e9m, a este realizar o<strong> <\/strong>mesmo procedimento para ressarcimento.&nbsp;<\/p>\n\n\n\n<p>4.8. O CESSION\u00c1RIO dever\u00e1 reembolsar as despesas realizadas pelo cedente, quando o servidor optar pela remunera\u00e7\u00e3o do cargo efetivo ou emprego.&nbsp;<\/p>\n\n\n\n<p>4.9. \u00c9 obriga\u00e7\u00e3o do CEDENTE informar o regime previdenci\u00e1rio do servidor cedido.&nbsp;<\/p>\n\n\n\n<p>4.10. Compete ao CEDENTE, quando o servidor estiver vinculado a regime pr\u00f3prio de previd\u00eancia, fornecer c\u00f3pia da norma que regula a mat\u00e9ria e informar os<strong> <\/strong>dados para que sejam efetivados os devidos recolhimentos (n\u00ba de contas, c\u00f3digos, al\u00edquotas, base de c\u00e1lculo, etc.).&nbsp;<\/p>\n\n\n\n<p>4.11. Quando o servidor cedido fizer a op\u00e7\u00e3o por receber a remunera\u00e7\u00e3o do cargo efetivo ou emprego quando nomeado para cargo em comiss\u00e3o fica obrigado o cedente a pagar a remunera\u00e7\u00e3o do servidor, sendo, no entanto, assegurando-lhe o direito ao reembolso dessa despesa.&nbsp;<\/p>\n\n\n\n<p><strong>CL\u00c1USULA QUINTA &#8211;<\/strong> <strong>DA ALTERA\u00c7\u00c3O&nbsp;<\/strong><\/p>\n\n\n\n<p>5.1. O presente conv\u00eanio, em qualquer \u00e9poca de sua vig\u00eancia, poder\u00e1 ser alterado por expressa manifesta\u00e7\u00e3o das partes convenentes.&nbsp;<\/p>\n\n\n\n<p><strong>CL\u00c1USULA SEXTA &#8211; DA VIG\u00caNCIA&nbsp;<\/strong><\/p>\n\n\n\n<p>6.1. O presente conv\u00eanio viger\u00e1 at\u00e9 36 (trinta e seis) meses, cuja efic\u00e1cia depende da publica\u00e7\u00e3o resumida do extrato de conv\u00eanio, podendo ser prorrogado a crit\u00e9rio das partes mediante celebra\u00e7\u00e3o de termo aditivo com a pertinente atualiza\u00e7\u00e3o das informa\u00e7\u00f5es funcionais do pessoal cedido.&nbsp;<\/p>\n\n\n\n<p><strong>CL\u00c1USULA S\u00c9TIMA &#8211;<\/strong> <strong>DA FUNDAMENTA\u00c7\u00c3O LEGAL&nbsp;<\/strong><\/p>\n\n\n\n<p>7.1. A celebra\u00e7\u00e3o deste conv\u00eanio fundamenta-se no art. 37, <em>caput<\/em>, da Constitui\u00e7\u00e3o Federal de 1988, aplicando-se,<strong> <\/strong>no que couber, as disposi\u00e7\u00f5es da Lei Federal n\u00ba 14.133\/2021.&nbsp;<\/p>\n\n\n\n<p>7.2. Ser\u00e3o observadas no presente conv\u00eanio as disposi\u00e7\u00f5es da Lei Municipal de Uni\u00e3o dos Palmares n\u00ba 1.072\/2006, no que couber.&nbsp;<\/p>\n\n\n\n<p><strong>CL\u00c1USULA OITAVA &#8211; DA DEN\u00daNCIA&nbsp;<\/strong><\/p>\n\n\n\n<p>8.1. O presente conv\u00eanio poder\u00e1 ser denunciado por qualquer um dos part\u00edcipes, mediante comunica\u00e7\u00e3o escrita, com anteced\u00eancia m\u00ednima de 60 (sessenta) dias, respeitados os compromissos assumidos.&nbsp;<\/p>\n\n\n\n<p>8.2. Poder\u00e1 ocorrer, ainda, a rescis\u00e3o deste conv\u00eanio, no caso de superveni\u00eancia de lei ou outro ato equivalente que o torne material ou formalmente imposs\u00edvel, por raz\u00f5es de relevante e excepcional interesse p\u00fablico ou por inadimpl\u00eancia de quaisquer de suas cl\u00e1usulas, independentemente de notifica\u00e7\u00e3o judicial ou extrajudicial, respeitado o prazo fixado nesta cl\u00e1usula.<\/p>\n\n\n\n<p><strong>CL\u00c1USULA NONA &#8211; DAS DISPOSI\u00c7\u00d5ES FINAIS&nbsp;<\/strong><\/p>\n\n\n\n<p>9.1. As partes signat\u00e1rias encarregar-se-\u00e3o da publica\u00e7\u00e3o de extrato deste Conv\u00eanio no \u00f3rg\u00e3o de publica\u00e7\u00f5es oficiais, t\u00e3o logo assinado pelos part\u00edcipes, nos termos da legisla\u00e7\u00e3o vigente.&nbsp;<\/p>\n\n\n\n<p>9.2. Este termo, firmado em 4 (quatro) vias de igual teor e forma, ser\u00e1 arquivado na Prefeitura de Uni\u00e3o dos Palmares e na Prefeitura de Quebrangulo.<\/p>\n\n\n\n<p><strong>CL\u00c1USULA D\u00c9CIMA &#8211; DA RESCIS\u00c3O CONTRATUAL&nbsp;<\/strong><\/p>\n\n\n\n<p>10.1. Este termo de conv\u00eanio poder\u00e1 ser rescindido a qualquer tempo por qualquer das partes nele envolvidas, mediante comunica\u00e7\u00e3o escrita do interessado com anteced\u00eancia m\u00ednima de 30 (trinta) dias.&nbsp;<\/p>\n\n\n\n<p><strong>CL\u00c1USULA D\u00c9CIMA PRIMEIRA &#8211; DO FORO&nbsp;<\/strong><\/p>\n\n\n\n<p>11.1. Fica eleito o Foro da Comarca de Uni\u00e3o dos Palmares\/AL para dirimir quaisquer d\u00favidas ou quest\u00f5es oriundas da interpreta\u00e7\u00e3o e execu\u00e7\u00e3o deste Conv\u00eanio, com ren\u00fancia a qualquer outro, ainda que privilegiado.&nbsp;<\/p>\n\n\n\n<p><\/p>\n\n\n\n<p>E, por estarem justos e de pleno acordo com as cl\u00e1usulas e condi\u00e7\u00f5es aqui pactuadas, assinam o presente Conv\u00eanio em 4 (quatro) vias de igual teor e forma, para produzir os efeitos legais da\u00ed decorrentes.\u00a0<\/p>\n\n\n\n<p><\/p>\n\n\n\n<p>Uni\u00e3o dos Palmares, Alagoas, em 8 de julho de 2025.<\/p>\n\n\n\n<p><\/p>\n\n\n\n<p><strong>JOS\u00c9 IRAN MENEZES DA SILVA JUNIOR<\/strong><\/p>\n\n\n\n<p>Prefeito do Munic\u00edpio de Uni\u00e3o dos Palmares<\/p>\n\n\n\n<p><\/p>\n\n\n\n<p><strong>MANOEL COSTA TEN\u00d3RIO<\/strong><\/p>\n\n\n\n<p>Prefeito do Munic\u00edpio de Quebrangulo<\/p>\n","protected":false},"excerpt":{"rendered":"<p>CONV\u00caNIO DE COOPERA\u00c7\u00c3O T\u00c9CNICA E ADMINISTRATIVA QUE ENTRE SI CELEBRAM O MUNIC\u00cdPIO DE UNI\u00c3O DOS PALMARES\/AL E O MUNIC\u00cdPIO DE QUEBRANGULO\/AL. O MUNIC\u00cdPIO DE UNI\u00c3O DOS PALMARES, pessoa jur\u00eddica de direito p\u00fablico interno, inscrita no CNPJ sob o n\u00ba 12.332.946\/0001-34, com sede na Rua Marechal Deodoro da Fonseca, s\/n, Centro, Uni\u00e3o dos Palmares\/AL, CEP 57800-000 [&hellip;]<\/p>\n","protected":false},"author":2,"featured_media":0,"comment_status":"open","ping_status":"open","sticky":false,"template":"","format":"standard","meta":{"footnotes":""},"categories":[5],"tags":[],"class_list":["post-5280","post","type-post","status-publish","format-standard","hentry","category-outros"],"_links":{"self":[{"href":"https:\/\/www.diariomunicipal-al.com.br\/uniao\/wp-json\/wp\/v2\/posts\/5280","targetHints":{"allow":["GET"]}}],"collection":[{"href":"https:\/\/www.diariomunicipal-al.com.br\/uniao\/wp-json\/wp\/v2\/posts"}],"about":[{"href":"https:\/\/www.diariomunicipal-al.com.br\/uniao\/wp-json\/wp\/v2\/types\/post"}],"author":[{"embeddable":true,"href":"https:\/\/www.diariomunicipal-al.com.br\/uniao\/wp-json\/wp\/v2\/users\/2"}],"replies":[{"embeddable":true,"href":"https:\/\/www.diariomunicipal-al.com.br\/uniao\/wp-json\/wp\/v2\/comments?post=5280"}],"version-history":[{"count":1,"href":"https:\/\/www.diariomunicipal-al.com.br\/uniao\/wp-json\/wp\/v2\/posts\/5280\/revisions"}],"predecessor-version":[{"id":5281,"href":"https:\/\/www.diariomunicipal-al.com.br\/uniao\/wp-json\/wp\/v2\/posts\/5280\/revisions\/5281"}],"wp:attachment":[{"href":"https:\/\/www.diariomunicipal-al.com.br\/uniao\/wp-json\/wp\/v2\/media?parent=5280"}],"wp:term":[{"taxonomy":"category","embeddable":true,"href":"https:\/\/www.diariomunicipal-al.com.br\/uniao\/wp-json\/wp\/v2\/categories?post=5280"},{"taxonomy":"post_tag","embeddable":true,"href":"https:\/\/www.diariomunicipal-al.com.br\/uniao\/wp-json\/wp\/v2\/tags?post=5280"}],"curies":[{"name":"wp","href":"https:\/\/api.w.org\/{rel}","templated":true}]}}