{"id":5339,"date":"2025-12-16T11:45:56","date_gmt":"2025-12-16T14:45:56","guid":{"rendered":"https:\/\/www.diariomunicipal-al.com.br\/uniao\/?p=5339"},"modified":"2026-01-09T11:47:13","modified_gmt":"2026-01-09T14:47:13","slug":"portaria-no-232-de-16-de-dezembro-de-2025","status":"publish","type":"post","link":"https:\/\/www.diariomunicipal-al.com.br\/uniao\/portaria-no-232-de-16-de-dezembro-de-2025\/","title":{"rendered":"PORTARIA N\u00ba 232, DE 16 DE DEZEMBRO DE 2025."},"content":{"rendered":"\n<p>DISP\u00d5E SOBRE A EXONERA\u00c7\u00c3O DO DIRETOR DO MERCADO P\u00daBLICO.<\/p>\n\n\n\n<p><\/p>\n\n\n\n<p><strong>O PREFEITO DE UNI\u00c3O DOS PALMARES, ALAGOAS,<\/strong> no uso da atribui\u00e7\u00e3o que lhe confere o art. 49 da Lei Org\u00e2nica Municipal;<\/p>\n\n\n\n<p><\/p>\n\n\n\n<p><strong>RESOLVE:<\/strong><\/p>\n\n\n\n<p><\/p>\n\n\n\n<p><strong>Art. 1\u00ba <\/strong>Exonerar <strong>JOS\u00c9 CARLOS ALVES DA SILVA<\/strong>, CPF n\u00ba 580.152.304-97, do cargo de Diretor do Mercado P\u00fablico de Uni\u00e3o dos Palmares.<\/p>\n\n\n\n<p><strong>Art. 2\u00ba <\/strong>Esta portaria entra em vigor na data de sua publica\u00e7\u00e3o, revogadas a Portaria n\u00ba 054\/2025 e demais disposi\u00e7\u00f5es em contr\u00e1rio.<\/p>\n\n\n\n<p><\/p>\n\n\n\n<p>Uni\u00e3o dos Palmares, Alagoas, 16 de dezembro de 2025.<\/p>\n\n\n\n<p><\/p>\n\n\n\n<p><strong>JOS\u00c9 IRAN MENEZES DA SILVA JUNIOR<\/strong><\/p>\n\n\n\n<p>Prefeito<\/p>\n","protected":false},"excerpt":{"rendered":"<p>DISP\u00d5E SOBRE A EXONERA\u00c7\u00c3O DO DIRETOR DO MERCADO P\u00daBLICO. O PREFEITO DE UNI\u00c3O DOS PALMARES, ALAGOAS, no uso da atribui\u00e7\u00e3o que lhe confere o art. 49 da Lei Org\u00e2nica Municipal; RESOLVE: Art. 1\u00ba Exonerar JOS\u00c9 CARLOS ALVES DA SILVA, CPF n\u00ba 580.152.304-97, do cargo de Diretor do Mercado P\u00fablico de Uni\u00e3o dos Palmares. Art. 2\u00ba [&hellip;]<\/p>\n","protected":false},"author":2,"featured_media":0,"comment_status":"open","ping_status":"open","sticky":false,"template":"","format":"standard","meta":{"footnotes":""},"categories":[6],"tags":[],"class_list":["post-5339","post","type-post","status-publish","format-standard","hentry","category-portarias"],"_links":{"self":[{"href":"https:\/\/www.diariomunicipal-al.com.br\/uniao\/wp-json\/wp\/v2\/posts\/5339","targetHints":{"allow":["GET"]}}],"collection":[{"href":"https:\/\/www.diariomunicipal-al.com.br\/uniao\/wp-json\/wp\/v2\/posts"}],"about":[{"href":"https:\/\/www.diariomunicipal-al.com.br\/uniao\/wp-json\/wp\/v2\/types\/post"}],"author":[{"embeddable":true,"href":"https:\/\/www.diariomunicipal-al.com.br\/uniao\/wp-json\/wp\/v2\/users\/2"}],"replies":[{"embeddable":true,"href":"https:\/\/www.diariomunicipal-al.com.br\/uniao\/wp-json\/wp\/v2\/comments?post=5339"}],"version-history":[{"count":1,"href":"https:\/\/www.diariomunicipal-al.com.br\/uniao\/wp-json\/wp\/v2\/posts\/5339\/revisions"}],"predecessor-version":[{"id":5340,"href":"https:\/\/www.diariomunicipal-al.com.br\/uniao\/wp-json\/wp\/v2\/posts\/5339\/revisions\/5340"}],"wp:attachment":[{"href":"https:\/\/www.diariomunicipal-al.com.br\/uniao\/wp-json\/wp\/v2\/media?parent=5339"}],"wp:term":[{"taxonomy":"category","embeddable":true,"href":"https:\/\/www.diariomunicipal-al.com.br\/uniao\/wp-json\/wp\/v2\/categories?post=5339"},{"taxonomy":"post_tag","embeddable":true,"href":"https:\/\/www.diariomunicipal-al.com.br\/uniao\/wp-json\/wp\/v2\/tags?post=5339"}],"curies":[{"name":"wp","href":"https:\/\/api.w.org\/{rel}","templated":true}]}}