{"id":5385,"date":"2026-01-16T11:02:49","date_gmt":"2026-01-16T14:02:49","guid":{"rendered":"https:\/\/www.diariomunicipal-al.com.br\/uniao\/?p=5385"},"modified":"2026-01-30T20:08:41","modified_gmt":"2026-01-30T23:08:41","slug":"edital-no-001-2026-secretaria-municipal-de-cultura","status":"publish","type":"post","link":"https:\/\/www.diariomunicipal-al.com.br\/uniao\/edital-no-001-2026-secretaria-municipal-de-cultura\/","title":{"rendered":"EDITAL N\u00ba 001\/2026 &#8211; SECRETARIA MUNICIPAL DE CULTURA."},"content":{"rendered":"\n<p>O Munic\u00edpio de Uni\u00e3o dos Palmares, por meio da Secretaria Municipal de Cultura, visando democratizar o acesso aos recursos p\u00fablicos destinados ao desenvolvimento cultural, torna p\u00fablico o presente Edital, com o objetivo de incentivar, reconhecer e premiar os desfiles dos blocos carnavalescos existentes em Uni\u00e3o dos Palmares no Carnaval de 2026.<\/p>\n\n\n\n<div data-wp-interactive=\"core\/file\" class=\"wp-block-file\"><object data-wp-bind--hidden=\"!state.hasPdfPreview\" hidden class=\"wp-block-file__embed\" data=\"https:\/\/www.diariomunicipal-al.com.br\/uniao\/wp-content\/uploads\/2026\/01\/EDITAL-DE-PREMIACAO-CULTURAL-\u2013-CARNAVAL-DE-UNIAO-DOS-PALMARES-AL-2026.pdf\" type=\"application\/pdf\" style=\"width:100%;height:600px\" aria-label=\"Incorporado de EDITAL DE PREMIACAO CULTURAL \u2013 CARNAVAL DE UNIAO DOS PALMARES - AL 2026.\"><\/object><a id=\"wp-block-file--media-1f4bd9e4-a44b-4c66-9bb0-68ac6b79a717\" href=\"https:\/\/www.diariomunicipal-al.com.br\/uniao\/wp-content\/uploads\/2026\/01\/EDITAL-DE-PREMIACAO-CULTURAL-\u2013-CARNAVAL-DE-UNIAO-DOS-PALMARES-AL-2026.pdf\" target=\"_blank\" rel=\"noreferrer noopener\">EDITAL DE PREMIACAO CULTURAL \u2013 CARNAVAL DE UNIAO DOS PALMARES &#8211; AL 2026<\/a><a href=\"https:\/\/www.diariomunicipal-al.com.br\/uniao\/wp-content\/uploads\/2026\/01\/EDITAL-DE-PREMIACAO-CULTURAL-\u2013-CARNAVAL-DE-UNIAO-DOS-PALMARES-AL-2026.pdf\" class=\"wp-block-file__button wp-element-button\" download aria-describedby=\"wp-block-file--media-1f4bd9e4-a44b-4c66-9bb0-68ac6b79a717\">Baixar<\/a><\/div>\n\n\n\n<div data-wp-interactive=\"core\/file\" class=\"wp-block-file\"><object data-wp-bind--hidden=\"!state.hasPdfPreview\" hidden class=\"wp-block-file__embed\" data=\"https:\/\/www.diariomunicipal-al.com.br\/uniao\/wp-content\/uploads\/2026\/01\/ANEXOS-EDITAL-DE-PREMIACAO-CULTURAL-DE-CARNAVAL-UNIAO-DOS-PALMARES-AL-2026.pdf\" type=\"application\/pdf\" style=\"width:100%;height:600px\" aria-label=\"Incorporado de ANEXOS EDITAL DE PREMIACAO CULTURAL DE CARNAVAL UNI\u00c3O DOS PALMARES - AL - 2026.\"><\/object><a id=\"wp-block-file--media-5bd7899b-02dd-40d7-bd51-23f551718389\" href=\"https:\/\/www.diariomunicipal-al.com.br\/uniao\/wp-content\/uploads\/2026\/01\/ANEXOS-EDITAL-DE-PREMIACAO-CULTURAL-DE-CARNAVAL-UNIAO-DOS-PALMARES-AL-2026.pdf\" target=\"_blank\" rel=\"noreferrer noopener\">ANEXOS EDITAL DE PREMIACAO CULTURAL DE CARNAVAL UNI\u00c3O DOS PALMARES &#8211; AL &#8211; 2026<\/a><a href=\"https:\/\/www.diariomunicipal-al.com.br\/uniao\/wp-content\/uploads\/2026\/01\/ANEXOS-EDITAL-DE-PREMIACAO-CULTURAL-DE-CARNAVAL-UNIAO-DOS-PALMARES-AL-2026.pdf\" class=\"wp-block-file__button wp-element-button\" download aria-describedby=\"wp-block-file--media-5bd7899b-02dd-40d7-bd51-23f551718389\">Baixar<\/a><\/div>\n","protected":false},"excerpt":{"rendered":"<p>O Munic\u00edpio de Uni\u00e3o dos Palmares, por meio da Secretaria Municipal de Cultura, visando democratizar o acesso aos recursos p\u00fablicos destinados ao desenvolvimento cultural, torna p\u00fablico o presente Edital, com o objetivo de incentivar, reconhecer e premiar os desfiles dos blocos carnavalescos existentes em Uni\u00e3o dos Palmares no Carnaval de 2026.<\/p>\n","protected":false},"author":7,"featured_media":0,"comment_status":"open","ping_status":"open","sticky":false,"template":"","format":"standard","meta":{"footnotes":""},"categories":[3],"tags":[],"class_list":["post-5385","post","type-post","status-publish","format-standard","hentry","category-edital"],"_links":{"self":[{"href":"https:\/\/www.diariomunicipal-al.com.br\/uniao\/wp-json\/wp\/v2\/posts\/5385","targetHints":{"allow":["GET"]}}],"collection":[{"href":"https:\/\/www.diariomunicipal-al.com.br\/uniao\/wp-json\/wp\/v2\/posts"}],"about":[{"href":"https:\/\/www.diariomunicipal-al.com.br\/uniao\/wp-json\/wp\/v2\/types\/post"}],"author":[{"embeddable":true,"href":"https:\/\/www.diariomunicipal-al.com.br\/uniao\/wp-json\/wp\/v2\/users\/7"}],"replies":[{"embeddable":true,"href":"https:\/\/www.diariomunicipal-al.com.br\/uniao\/wp-json\/wp\/v2\/comments?post=5385"}],"version-history":[{"count":5,"href":"https:\/\/www.diariomunicipal-al.com.br\/uniao\/wp-json\/wp\/v2\/posts\/5385\/revisions"}],"predecessor-version":[{"id":5467,"href":"https:\/\/www.diariomunicipal-al.com.br\/uniao\/wp-json\/wp\/v2\/posts\/5385\/revisions\/5467"}],"wp:attachment":[{"href":"https:\/\/www.diariomunicipal-al.com.br\/uniao\/wp-json\/wp\/v2\/media?parent=5385"}],"wp:term":[{"taxonomy":"category","embeddable":true,"href":"https:\/\/www.diariomunicipal-al.com.br\/uniao\/wp-json\/wp\/v2\/categories?post=5385"},{"taxonomy":"post_tag","embeddable":true,"href":"https:\/\/www.diariomunicipal-al.com.br\/uniao\/wp-json\/wp\/v2\/tags?post=5385"}],"curies":[{"name":"wp","href":"https:\/\/api.w.org\/{rel}","templated":true}]}}