{"id":5397,"date":"2026-01-16T10:28:15","date_gmt":"2026-01-16T13:28:15","guid":{"rendered":"https:\/\/www.diariomunicipal-al.com.br\/uniao\/?p=5397"},"modified":"2026-01-19T10:29:47","modified_gmt":"2026-01-19T13:29:47","slug":"decreto-no-009-de-15-de-janeiro-de-2026","status":"publish","type":"post","link":"https:\/\/www.diariomunicipal-al.com.br\/uniao\/decreto-no-009-de-15-de-janeiro-de-2026\/","title":{"rendered":"DECRETO N\u00ba 009, DE 15 DE JANEIRO DE 2026."},"content":{"rendered":"\n<p>DECLARA DE UTILIDADE P\u00daBLICA, PARA FINS DE DESAPROPRIA\u00c7\u00c3O AMIG\u00c1VEL OU JUDICIAL, O IM\u00d3VEL SITUADO NA AVENIDA MONSENHOR CLOVIS DUARTE, S\/N, CENTRO, NESTE MUNIC\u00cdPIO, COM \u00c1REA DE 956,21 M\u00b2, PARA AMPLIA\u00c7\u00c3O DA ESCOLA MUNICIPAL FILOMENA MEDEIROS.<\/p>\n\n\n\n<p><\/p>\n\n\n\n<p><strong>O PREFEITO DE UNI\u00c3O DOS PALMARES, ALAGOAS,<\/strong> no uso da atribui\u00e7\u00e3o que lhe confere o art. 49, IV, da Lei Org\u00e2nica Municipal;<\/p>\n\n\n\n<p><strong>CONSIDERANDO <\/strong>que a educa\u00e7\u00e3o \u00e9 direito fundamental assegurado pelo art. 205 da Constitui\u00e7\u00e3o Federal, competindo ao Munic\u00edpio garantir condi\u00e7\u00f5es adequadas ao acesso, perman\u00eancia e qualidade do ensino p\u00fablico;<\/p>\n\n\n\n<p><strong>CONSIDERANDO<\/strong> que a Escola Municipal Filomena Medeiros desempenha relevante fun\u00e7\u00e3o social no atendimento da comunidade escolar local, apresentando demanda crescente por vagas e por melhoria de sua infraestrutura f\u00edsica;<\/p>\n\n\n\n<p><strong>CONSIDERANDO <\/strong>que os estudos t\u00e9cnicos realizados pela Administra\u00e7\u00e3o P\u00fablica Municipal demonstraram a insufici\u00eancia do espa\u00e7o f\u00edsico atualmente existente, tornando necess\u00e1ria a amplia\u00e7\u00e3o da unidade escolar para adequa\u00e7\u00e3o \u00e0s normas pedag\u00f3gicas, de acessibilidade, seguran\u00e7a e conforto;<\/p>\n\n\n\n<p><strong>CONSIDERANDO <\/strong>que a \u00e1rea objeto da desapropria\u00e7\u00e3o mostra-se cont\u00edgua, adequada e imprescind\u00edvel \u00e0 amplia\u00e7\u00e3o da Escola Filomena Medeiros, atendendo plenamente o interesse p\u00fablico e a finalidade educacional pretendida;<\/p>\n\n\n\n<p><strong>CONSIDERANDO <\/strong>que a desapropria\u00e7\u00e3o, nos termos do Decreto-Lei n\u00ba 3.365\/1941, constitui instrumento leg\u00edtimo da Administra\u00e7\u00e3o P\u00fablica para assegurar a utilidade p\u00fablica e a efetiva\u00e7\u00e3o de pol\u00edticas p\u00fablicas essenciais;<\/p>\n\n\n\n<p><\/p>\n\n\n\n<p><strong>DECRETA:<\/strong><\/p>\n\n\n\n<p><\/p>\n\n\n\n<p><strong>Art. 1\u00ba <\/strong>Fica declarado de utilidade p\u00fablica, para fins de desapropria\u00e7\u00e3o amig\u00e1vel ou judicial, nos termos dos arts. 2\u00ba, 5\u00ba e 6\u00ba do Decreto-Lei Federal n\u00ba 3.365\/1941, o im\u00f3vel localizado na Avenida Monsenhor Clovis Duarte, s\/n, Centro, neste Munic\u00edpio, com \u00e1rea de 956,21 m\u00b2 (novecentos e cinquenta e seis metros quadrados e vinte e um dec\u00edmetros quadrados), com registro no 1\u00ba Tabelionato de Notas \u2013 Registro de Im\u00f3veis e Protesto de T\u00edtulos de Uni\u00e3o dos Palmares, Alagoas, sob a matr\u00edcula 1992, Livro 02, Registro Geral, R.04, de propriedade de Maria C\u00edcera dos Santos Mendon\u00e7a, inscrita no CPF 276.667.354-72.<\/p>\n\n\n\n<p><strong>Art. 2\u00ba<\/strong> A \u00e1rea a ser desapropriada que for\u00e7a este decreto \u00e9 de 956,21 m\u00b2 (novecentos e cinquenta e seis metros quadrados e vinte e um dec\u00edmetros quadrados), e se destina \u00e0 amplia\u00e7\u00e3o da Escola Municipal Filomena Medeiros, e obedecer\u00e1, para efeito de oportuno desmembramento e\/ou subsequente lavratura ESCRITURA P\u00daBLICA DE DESAPROPRIA\u00c7\u00c3O, o levantamento topogr\u00e1fico planim\u00e9trico (planta), j\u00e1 procedido pelo Munic\u00edpio de Uni\u00e3o dos Palmares, respeitando os limites e confronta\u00e7\u00f5es nele inserido.&nbsp;<\/p>\n\n\n\n<p><strong>Art. 3\u00ba <\/strong>Para fins de Imiss\u00e3o Provis\u00f3ria na posse, a Desapropria\u00e7\u00e3o em apre\u00e7o \u00e9 considerada de Urg\u00eancia nos termos do Artigo 15 e seu par\u00e1grafo 1\u00ba e art. 15-A do Decreto-Lei n\u00ba 3.365\/41.<\/p>\n\n\n\n<p><strong>Art. 4\u00ba<\/strong> Fica designado o Procurador Geral do Munic\u00edpio, Allan Belarmino Soares, para promover os atos que se fizerem necess\u00e1rios \u00e0 efetiva\u00e7\u00e3o expropriat\u00f3ria, inclusive os de assinar a Escritura P\u00fablica de Desapropria\u00e7\u00e3o, amig\u00e1vel ou judicialmente.<\/p>\n\n\n\n<p><strong>Art. 5\u00ba <\/strong>N\u00e3o havendo acordo quanto \u00e0 desapropria\u00e7\u00e3o amig\u00e1vel, no procedimento judicial a Municipalidade fica autorizada a invocar o car\u00e1ter de urg\u00eancia, para fins do disposto no art. 15 do Decreto-Lei Federal n\u00ba 3.365\/41.&nbsp;<\/p>\n\n\n\n<p><strong>Art. 6\u00ba <\/strong>As despesas decorrentes da execu\u00e7\u00e3o deste decreto correr\u00e3o por conta de dota\u00e7\u00f5es pr\u00f3prias constantes do or\u00e7amento do Munic\u00edpio, consignadas no or\u00e7amento de cada exerc\u00edcio.<\/p>\n\n\n\n<p><strong>Art. 7\u00ba <\/strong>Este decreto entra em vigor na data de sua publica\u00e7\u00e3o, revogadas as disposi\u00e7\u00f5es em contr\u00e1rio.[<\/p>\n\n\n\n<p><\/p>\n\n\n\n<p>Uni\u00e3o dos Palmares, Alagoas, 15 de janeiro de 2026.<\/p>\n\n\n\n<p><\/p>\n\n\n\n<p><strong>JOS\u00c9 IRAN MENEZES DA SILVA JUNIOR<\/strong><\/p>\n\n\n\n<p>Prefeito<\/p>\n","protected":false},"excerpt":{"rendered":"<p>DECLARA DE UTILIDADE P\u00daBLICA, PARA FINS DE DESAPROPRIA\u00c7\u00c3O AMIG\u00c1VEL OU JUDICIAL, O IM\u00d3VEL SITUADO NA AVENIDA MONSENHOR CLOVIS DUARTE, S\/N, CENTRO, NESTE MUNIC\u00cdPIO, COM \u00c1REA DE 956,21 M\u00b2, PARA AMPLIA\u00c7\u00c3O DA ESCOLA MUNICIPAL FILOMENA MEDEIROS. O PREFEITO DE UNI\u00c3O DOS PALMARES, ALAGOAS, no uso da atribui\u00e7\u00e3o que lhe confere o art. 49, IV, da Lei [&hellip;]<\/p>\n","protected":false},"author":2,"featured_media":0,"comment_status":"open","ping_status":"open","sticky":false,"template":"","format":"standard","meta":{"footnotes":""},"categories":[8],"tags":[],"class_list":["post-5397","post","type-post","status-publish","format-standard","hentry","category-decretos"],"_links":{"self":[{"href":"https:\/\/www.diariomunicipal-al.com.br\/uniao\/wp-json\/wp\/v2\/posts\/5397","targetHints":{"allow":["GET"]}}],"collection":[{"href":"https:\/\/www.diariomunicipal-al.com.br\/uniao\/wp-json\/wp\/v2\/posts"}],"about":[{"href":"https:\/\/www.diariomunicipal-al.com.br\/uniao\/wp-json\/wp\/v2\/types\/post"}],"author":[{"embeddable":true,"href":"https:\/\/www.diariomunicipal-al.com.br\/uniao\/wp-json\/wp\/v2\/users\/2"}],"replies":[{"embeddable":true,"href":"https:\/\/www.diariomunicipal-al.com.br\/uniao\/wp-json\/wp\/v2\/comments?post=5397"}],"version-history":[{"count":1,"href":"https:\/\/www.diariomunicipal-al.com.br\/uniao\/wp-json\/wp\/v2\/posts\/5397\/revisions"}],"predecessor-version":[{"id":5398,"href":"https:\/\/www.diariomunicipal-al.com.br\/uniao\/wp-json\/wp\/v2\/posts\/5397\/revisions\/5398"}],"wp:attachment":[{"href":"https:\/\/www.diariomunicipal-al.com.br\/uniao\/wp-json\/wp\/v2\/media?parent=5397"}],"wp:term":[{"taxonomy":"category","embeddable":true,"href":"https:\/\/www.diariomunicipal-al.com.br\/uniao\/wp-json\/wp\/v2\/categories?post=5397"},{"taxonomy":"post_tag","embeddable":true,"href":"https:\/\/www.diariomunicipal-al.com.br\/uniao\/wp-json\/wp\/v2\/tags?post=5397"}],"curies":[{"name":"wp","href":"https:\/\/api.w.org\/{rel}","templated":true}]}}