{"id":5400,"date":"2026-01-19T12:38:18","date_gmt":"2026-01-19T15:38:18","guid":{"rendered":"https:\/\/www.diariomunicipal-al.com.br\/uniao\/?p=5400"},"modified":"2026-01-19T12:38:18","modified_gmt":"2026-01-19T15:38:18","slug":"portaria-no-009-de-19-de-janeiro-de-2026","status":"publish","type":"post","link":"https:\/\/www.diariomunicipal-al.com.br\/uniao\/portaria-no-009-de-19-de-janeiro-de-2026\/","title":{"rendered":"PORTARIA N\u00ba 009, DE 19 DE JANEIRO DE 2026."},"content":{"rendered":"\n<p>ALTERA DISPOSITIVO DA PORTARIA N\u00ba 223\/2025.<\/p>\n\n\n\n<p><\/p>\n\n\n\n<p><strong>O PREFEITO DE UNI\u00c3O DOS PALMARES, ALAGOAS,<\/strong> no uso das atribui\u00e7\u00f5es que lhe confere a Lei Org\u00e2nica Municipal;<\/p>\n\n\n\n<p><\/p>\n\n\n\n<p><strong>RESOLVE:<\/strong><\/p>\n\n\n\n<p><\/p>\n\n\n\n<p><strong>Art. 1\u00ba <\/strong>Fica alterado o art. 2\u00ba da Portaria n\u00ba 223, de 10 de outubro de 2025, passando a vigorar com a seguinte reda\u00e7\u00e3o:<\/p>\n\n\n\n<p><\/p>\n\n\n\n<p class=\"has-text-align-right\"><strong>Art. 2\u00ba <\/strong><strong>&nbsp;<\/strong>Ficam designados os seguintes servidores municipais para comporem a Comiss\u00e3o Gestora do Projeto Moradia Legal VII:&nbsp;<\/p>\n\n\n\n<p class=\"has-text-align-right\">I &#8211;<strong> VANESSA CARNEIRO GON\u00c7ALVES, <\/strong>CPF 064.746.724-04 &#8211; Gestora local;<\/p>\n\n\n\n<p class=\"has-text-align-right\">II &#8211;<strong> ALLAN BELARMINO SOARES, <\/strong>CPF 014.120.024-35 &#8211; Procurador Geral;<\/p>\n\n\n\n<p class=\"has-text-align-right\">III &#8211; <strong>THALLES ROBERTO ROCHA EMERY, <\/strong>CPF 042.998.835-43 &#8211; Representante de habita\u00e7\u00e3o e obras;<\/p>\n\n\n\n<p class=\"has-text-align-right\">IV &#8211; <strong>PEDRO LUCAS BARROS MARQUES, <\/strong>CPF 077.150.714-39 &#8211; Engenheiro;<\/p>\n\n\n\n<p class=\"has-text-align-right\">V &#8211; <strong>ROSE MARY PEREIRA DE MORAES VILA NOVA, <\/strong>CPF 665.247.924-91 &#8211; Assistente Social.<\/p>\n\n\n\n<p><\/p>\n\n\n\n<p><strong>Art. 2\u00ba <\/strong>Esta portaria entra em vigor na data de sua publica\u00e7\u00e3o, revogadas as disposi\u00e7\u00f5es em contr\u00e1rio.<\/p>\n\n\n\n<p><\/p>\n\n\n\n<p>Uni\u00e3o dos Palmares, Alagoas, em 19 de janeiro de 2026.<\/p>\n\n\n\n<p><\/p>\n\n\n\n<p><strong>JOS\u00c9 IRAN MENEZES DA SILVA JUNIOR<\/strong><\/p>\n\n\n\n<p>Prefeito<\/p>\n","protected":false},"excerpt":{"rendered":"<p>ALTERA DISPOSITIVO DA PORTARIA N\u00ba 223\/2025. O PREFEITO DE UNI\u00c3O DOS PALMARES, ALAGOAS, no uso das atribui\u00e7\u00f5es que lhe confere a Lei Org\u00e2nica Municipal; RESOLVE: Art. 1\u00ba Fica alterado o art. 2\u00ba da Portaria n\u00ba 223, de 10 de outubro de 2025, passando a vigorar com a seguinte reda\u00e7\u00e3o: Art. 2\u00ba &nbsp;Ficam designados os seguintes [&hellip;]<\/p>\n","protected":false},"author":2,"featured_media":0,"comment_status":"open","ping_status":"open","sticky":false,"template":"","format":"standard","meta":{"footnotes":""},"categories":[6],"tags":[],"class_list":["post-5400","post","type-post","status-publish","format-standard","hentry","category-portarias"],"_links":{"self":[{"href":"https:\/\/www.diariomunicipal-al.com.br\/uniao\/wp-json\/wp\/v2\/posts\/5400","targetHints":{"allow":["GET"]}}],"collection":[{"href":"https:\/\/www.diariomunicipal-al.com.br\/uniao\/wp-json\/wp\/v2\/posts"}],"about":[{"href":"https:\/\/www.diariomunicipal-al.com.br\/uniao\/wp-json\/wp\/v2\/types\/post"}],"author":[{"embeddable":true,"href":"https:\/\/www.diariomunicipal-al.com.br\/uniao\/wp-json\/wp\/v2\/users\/2"}],"replies":[{"embeddable":true,"href":"https:\/\/www.diariomunicipal-al.com.br\/uniao\/wp-json\/wp\/v2\/comments?post=5400"}],"version-history":[{"count":1,"href":"https:\/\/www.diariomunicipal-al.com.br\/uniao\/wp-json\/wp\/v2\/posts\/5400\/revisions"}],"predecessor-version":[{"id":5401,"href":"https:\/\/www.diariomunicipal-al.com.br\/uniao\/wp-json\/wp\/v2\/posts\/5400\/revisions\/5401"}],"wp:attachment":[{"href":"https:\/\/www.diariomunicipal-al.com.br\/uniao\/wp-json\/wp\/v2\/media?parent=5400"}],"wp:term":[{"taxonomy":"category","embeddable":true,"href":"https:\/\/www.diariomunicipal-al.com.br\/uniao\/wp-json\/wp\/v2\/categories?post=5400"},{"taxonomy":"post_tag","embeddable":true,"href":"https:\/\/www.diariomunicipal-al.com.br\/uniao\/wp-json\/wp\/v2\/tags?post=5400"}],"curies":[{"name":"wp","href":"https:\/\/api.w.org\/{rel}","templated":true}]}}