{"id":5411,"date":"2026-01-21T15:35:02","date_gmt":"2026-01-21T18:35:02","guid":{"rendered":"https:\/\/www.diariomunicipal-al.com.br\/uniao\/?p=5411"},"modified":"2026-01-21T15:35:02","modified_gmt":"2026-01-21T18:35:02","slug":"aviso-de-cotacao-2","status":"publish","type":"post","link":"https:\/\/www.diariomunicipal-al.com.br\/uniao\/aviso-de-cotacao-2\/","title":{"rendered":"AVISO DE COTA\u00c7\u00c3O"},"content":{"rendered":"\n<p>A <strong>SECRETARIA MUNICIPAL DE URBANIZA\u00c7\u00c3O, HABITA\u00c7\u00c3O E OBRAS P\u00daBLICAS<\/strong> informa que est\u00e1 recebendo proposta or\u00e7ament\u00e1ria para o Projeto \u201cCuidar Uni\u00e3o \u2013 Programa de Requalifica\u00e7\u00e3o Urbana e Forma\u00e7\u00e3o Cidad\u00e3\u201d<strong>.<\/strong><\/p>\n\n\n\n<p><strong>OBJETO: <\/strong>Chamamento P\u00fablico para a sele\u00e7\u00e3o de uma Organiza\u00e7\u00e3o da Sociedade Civil &#8211; OSC interessada em firmar Termo de Colabora\u00e7\u00e3o com a Prefeitura Municipal de Uni\u00e3o dos Palmares\/AL para realiza\u00e7\u00e3o das atividades do Projeto \u201cCuidar Uni\u00e3o \u2013 Programa de Requalifica\u00e7\u00e3o Urbana e Forma\u00e7\u00e3o Cidad\u00e3\u201d neste munic\u00edpio.<\/p>\n\n\n\n<p><strong>PRAZO: <\/strong>As propostas dever\u00e3o ser enviadas em at\u00e9 10 (dez) dias \u00fateis a contar desta publica\u00e7\u00e3o.<\/p>\n\n\n\n<p>Para ter <strong>acesso ao Plano de Trabalho<\/strong> base que dever\u00e1 ser observado para formula\u00e7\u00e3o da proposta, os interessados dever\u00e3o realizar a solicita\u00e7\u00e3o do referido documento por meio do seguinte endere\u00e7o eletr\u00f4nico:<strong> obras@uniaodospalmares.al.gov.br<\/strong><\/p>\n","protected":false},"excerpt":{"rendered":"<p>A SECRETARIA MUNICIPAL DE URBANIZA\u00c7\u00c3O, HABITA\u00c7\u00c3O E OBRAS P\u00daBLICAS informa que est\u00e1 recebendo proposta or\u00e7ament\u00e1ria para o Projeto \u201cCuidar Uni\u00e3o \u2013 Programa de Requalifica\u00e7\u00e3o Urbana e Forma\u00e7\u00e3o Cidad\u00e3\u201d. OBJETO: Chamamento P\u00fablico para a sele\u00e7\u00e3o de uma Organiza\u00e7\u00e3o da Sociedade Civil &#8211; OSC interessada em firmar Termo de Colabora\u00e7\u00e3o com a Prefeitura Municipal de Uni\u00e3o dos [&hellip;]<\/p>\n","protected":false},"author":5,"featured_media":0,"comment_status":"open","ping_status":"open","sticky":false,"template":"","format":"standard","meta":{"footnotes":""},"categories":[1],"tags":[],"class_list":["post-5411","post","type-post","status-publish","format-standard","hentry","category-licitacoes"],"_links":{"self":[{"href":"https:\/\/www.diariomunicipal-al.com.br\/uniao\/wp-json\/wp\/v2\/posts\/5411","targetHints":{"allow":["GET"]}}],"collection":[{"href":"https:\/\/www.diariomunicipal-al.com.br\/uniao\/wp-json\/wp\/v2\/posts"}],"about":[{"href":"https:\/\/www.diariomunicipal-al.com.br\/uniao\/wp-json\/wp\/v2\/types\/post"}],"author":[{"embeddable":true,"href":"https:\/\/www.diariomunicipal-al.com.br\/uniao\/wp-json\/wp\/v2\/users\/5"}],"replies":[{"embeddable":true,"href":"https:\/\/www.diariomunicipal-al.com.br\/uniao\/wp-json\/wp\/v2\/comments?post=5411"}],"version-history":[{"count":2,"href":"https:\/\/www.diariomunicipal-al.com.br\/uniao\/wp-json\/wp\/v2\/posts\/5411\/revisions"}],"predecessor-version":[{"id":5511,"href":"https:\/\/www.diariomunicipal-al.com.br\/uniao\/wp-json\/wp\/v2\/posts\/5411\/revisions\/5511"}],"wp:attachment":[{"href":"https:\/\/www.diariomunicipal-al.com.br\/uniao\/wp-json\/wp\/v2\/media?parent=5411"}],"wp:term":[{"taxonomy":"category","embeddable":true,"href":"https:\/\/www.diariomunicipal-al.com.br\/uniao\/wp-json\/wp\/v2\/categories?post=5411"},{"taxonomy":"post_tag","embeddable":true,"href":"https:\/\/www.diariomunicipal-al.com.br\/uniao\/wp-json\/wp\/v2\/tags?post=5411"}],"curies":[{"name":"wp","href":"https:\/\/api.w.org\/{rel}","templated":true}]}}